{"id":8253,"date":"2024-12-29T00:39:39","date_gmt":"2024-12-28T23:39:39","guid":{"rendered":"http:\/\/blogg.varldenidag.se\/musik\/?p=8253"},"modified":"2024-12-12T19:39:53","modified_gmt":"2024-12-12T18:39:53","slug":"topp-24-2024-plats-3","status":"publish","type":"post","link":"http:\/\/blogg.varldenidag.se\/musik\/topp-24-2024-plats-3\/","title":{"rendered":"Topp 24 2024: Plats 3"},"content":{"rendered":"<p><em>Det har \u00e4ntligen blivit dags att r\u00e4kna ner 2024 \u00e5rs 24 b\u00e4sta l\u00e5tar i v\u00e5r \u00e5rliga nedr\u00e4kning! Vi avsl\u00f6jar en ny l\u00e5t om dagen, \u00e4nda fram till ny\u00e5rsafton.<\/em><\/p>\n<p><strong>Plats 3: Needtobreathe \u2013 &#8221;I Don&#8217;t Wanna Worry&#8221;<\/strong><\/p>\n<p>OK, den h\u00e4r l\u00e5ten \u00e4r faktiskt inte sl\u00e4ppt under 2024, men d\u00e5 den sl\u00e4pptes p\u00e5 ny\u00e5rsafton 2023 s\u00e5 hamnade den utanf\u00f6r f\u00f6rra \u00e5rets nedr\u00e4kning och s\u00e5 n\u00e4ra detta \u00e5r man kan komma. Alltid briljanta Needtobreathe gav oss denna som en hoppfull present inf\u00f6r 2024, och \u00e4ven om soundet fr\u00e5n sydstatsbandet var lite annorlunda mot hur det brukar l\u00e5ta \u2013 s\u00e5 gick det verkligen hem. En l\u00e5t som var l\u00e4tt att lyssna p\u00e5, och sv\u00e5r att tr\u00f6ttna p\u00e5.<\/p>\n<p><strong>Spotify-l\u00e4nk:\u00a0<\/strong><a href=\"https:\/\/open.spotify.com\/track\/1Ej3EHORVUTtvCRh5UnslF?si=8012dfa007304944\">https:\/\/open.spotify.com\/track\/1Ej3EHORVUTtvCRh5UnslF?si=8012dfa007304944<\/a><\/p>\n<div class=\"video-container\"><iframe loading=\"lazy\" title=\"NEEDTOBREATHE - I Don&#039;t Wanna Worry (Official Visualizer)\" width=\"500\" height=\"281\" src=\"https:\/\/www.youtube.com\/embed\/JZiNhzl-rLM?feature=oembed\" frameborder=\"0\" allow=\"accelerometer; autoplay; clipboard-write; encrypted-media; gyroscope; picture-in-picture; web-share\" referrerpolicy=\"strict-origin-when-cross-origin\" allowfullscreen><\/iframe><\/div>\n","protected":false},"excerpt":{"rendered":"<p>Det har \u00e4ntligen blivit dags att r\u00e4kna ner 2024 \u00e5rs 24 b\u00e4sta l\u00e5tar i v\u00e5r \u00e5rliga nedr\u00e4kning! Vi avsl\u00f6jar en ny l\u00e5t om dagen, \u00e4nda fram till [&hellip;]<\/p>\n","protected":false},"author":15,"featured_media":0,"comment_status":"open","ping_status":"open","sticky":false,"template":"","format":"standard","meta":{"footnotes":"","_links_to":"","_links_to_target":""},"categories":[1],"tags":[],"class_list":["post-8253","post","type-post","status-publish","format-standard","hentry","category-musik"],"_links":{"self":[{"href":"http:\/\/blogg.varldenidag.se\/musik\/wp-json\/wp\/v2\/posts\/8253","targetHints":{"allow":["GET"]}}],"collection":[{"href":"http:\/\/blogg.varldenidag.se\/musik\/wp-json\/wp\/v2\/posts"}],"about":[{"href":"http:\/\/blogg.varldenidag.se\/musik\/wp-json\/wp\/v2\/types\/post"}],"author":[{"embeddable":true,"href":"http:\/\/blogg.varldenidag.se\/musik\/wp-json\/wp\/v2\/users\/15"}],"replies":[{"embeddable":true,"href":"http:\/\/blogg.varldenidag.se\/musik\/wp-json\/wp\/v2\/comments?post=8253"}],"version-history":[{"count":1,"href":"http:\/\/blogg.varldenidag.se\/musik\/wp-json\/wp\/v2\/posts\/8253\/revisions"}],"predecessor-version":[{"id":8254,"href":"http:\/\/blogg.varldenidag.se\/musik\/wp-json\/wp\/v2\/posts\/8253\/revisions\/8254"}],"wp:attachment":[{"href":"http:\/\/blogg.varldenidag.se\/musik\/wp-json\/wp\/v2\/media?parent=8253"}],"wp:term":[{"taxonomy":"category","embeddable":true,"href":"http:\/\/blogg.varldenidag.se\/musik\/wp-json\/wp\/v2\/categories?post=8253"},{"taxonomy":"post_tag","embeddable":true,"href":"http:\/\/blogg.varldenidag.se\/musik\/wp-json\/wp\/v2\/tags?post=8253"}],"curies":[{"name":"wp","href":"https:\/\/api.w.org\/{rel}","templated":true}]}}