{"id":8066,"date":"2024-06-02T21:16:51","date_gmt":"2024-06-02T19:16:51","guid":{"rendered":"http:\/\/blogg.varldenidag.se\/musik\/?p=8066"},"modified":"2024-06-10T09:33:22","modified_gmt":"2024-06-10T07:33:22","slug":"lyssna-in-sommaren","status":"publish","type":"post","link":"http:\/\/blogg.varldenidag.se\/musik\/lyssna-in-sommaren\/","title":{"rendered":"Lyssna in sommaren!"},"content":{"rendered":"<p>Vill du ha det perfekta soundtracket till sommaren? Lyssna in V\u00e4rlden idags egen spellista nu, som uppdateras med ny musik hela sommaren l\u00e5ng! S\u00e5 se till att f\u00f6lja listan f\u00f6r att inte missa n\u00e5gra nya sl\u00e4pp.<\/p>\n<p>https:\/\/open.spotify.com\/playlist\/1iNdVjJRXdMtDxhAs9tCTa?si=0951c620d06149a2<\/p>\n","protected":false},"excerpt":{"rendered":"<p>Vill du ha det perfekta soundtracket till sommaren? Lyssna in V\u00e4rlden idags egen spellista nu, som uppdateras med ny musik hela sommaren l\u00e5ng! S\u00e5 se till att [&hellip;]<\/p>\n","protected":false},"author":15,"featured_media":0,"comment_status":"open","ping_status":"open","sticky":false,"template":"","format":"standard","meta":{"footnotes":"","_links_to":"","_links_to_target":""},"categories":[1],"tags":[],"class_list":["post-8066","post","type-post","status-publish","format-standard","hentry","category-musik"],"_links":{"self":[{"href":"http:\/\/blogg.varldenidag.se\/musik\/wp-json\/wp\/v2\/posts\/8066","targetHints":{"allow":["GET"]}}],"collection":[{"href":"http:\/\/blogg.varldenidag.se\/musik\/wp-json\/wp\/v2\/posts"}],"about":[{"href":"http:\/\/blogg.varldenidag.se\/musik\/wp-json\/wp\/v2\/types\/post"}],"author":[{"embeddable":true,"href":"http:\/\/blogg.varldenidag.se\/musik\/wp-json\/wp\/v2\/users\/15"}],"replies":[{"embeddable":true,"href":"http:\/\/blogg.varldenidag.se\/musik\/wp-json\/wp\/v2\/comments?post=8066"}],"version-history":[{"count":2,"href":"http:\/\/blogg.varldenidag.se\/musik\/wp-json\/wp\/v2\/posts\/8066\/revisions"}],"predecessor-version":[{"id":8069,"href":"http:\/\/blogg.varldenidag.se\/musik\/wp-json\/wp\/v2\/posts\/8066\/revisions\/8069"}],"wp:attachment":[{"href":"http:\/\/blogg.varldenidag.se\/musik\/wp-json\/wp\/v2\/media?parent=8066"}],"wp:term":[{"taxonomy":"category","embeddable":true,"href":"http:\/\/blogg.varldenidag.se\/musik\/wp-json\/wp\/v2\/categories?post=8066"},{"taxonomy":"post_tag","embeddable":true,"href":"http:\/\/blogg.varldenidag.se\/musik\/wp-json\/wp\/v2\/tags?post=8066"}],"curies":[{"name":"wp","href":"https:\/\/api.w.org\/{rel}","templated":true}]}}