{"id":8046,"date":"2024-06-06T00:49:41","date_gmt":"2024-06-05T22:49:41","guid":{"rendered":"http:\/\/blogg.varldenidag.se\/musik\/?p=8046"},"modified":"2024-05-21T11:53:37","modified_gmt":"2024-05-21T09:53:37","slug":"arets-torplat-ar-har","status":"publish","type":"post","link":"http:\/\/blogg.varldenidag.se\/musik\/arets-torplat-ar-har\/","title":{"rendered":"\u00c5rets Torpl\u00e5t \u00e4r h\u00e4r!"},"content":{"rendered":"<p>Konferenssommaren b\u00f6rjar n\u00e4rma sig med stormsteg och \u00e4r nu inte l\u00e5ngt borta! En av de stora konferenserna, Torp, har sin vana trogen sl\u00e4ppt en ny s\u00e5ng f\u00f6r \u00e5rets vecka och den h\u00e4r g\u00e5ngen \u00e4r det lovs\u00e5ngsg\u00e4nget\u00a0<strong>VITTNE\u00a0<\/strong>som f\u00e5tt i uppgiften att peppa bes\u00f6karna inf\u00f6r det som komma skall. \u201d<em>En Hoppfull Tid\u201d\u00a0<\/em>\u00e4r dock s\u00e5 bra att vi \u00e4r s\u00e4kra p\u00e5 att den kommer ge avtryck l\u00e5ngt bortom Torp, b\u00e5de f\u00f6re, under och efter konferensveckan!<\/p>\n<div class=\"video-container\"><iframe title=\"Spotify Embed: En hoppfull tid\" style=\"border-radius: 12px\" width=\"100%\" height=\"152\" frameborder=\"0\" allowfullscreen allow=\"autoplay; clipboard-write; encrypted-media; fullscreen; picture-in-picture\" loading=\"lazy\" src=\"https:\/\/open.spotify.com\/embed\/track\/14AfBS9xWlYUOglf2dn06W?si=989b19ce6f5f43b7&#038;utm_source=oembed\"><\/iframe><\/div>\n","protected":false},"excerpt":{"rendered":"<p>Konferenssommaren b\u00f6rjar n\u00e4rma sig med stormsteg och \u00e4r nu inte l\u00e5ngt borta! En av de stora konferenserna, Torp, har sin vana trogen sl\u00e4ppt en ny s\u00e5ng f\u00f6r [&hellip;]<\/p>\n","protected":false},"author":15,"featured_media":0,"comment_status":"open","ping_status":"open","sticky":false,"template":"","format":"standard","meta":{"footnotes":"","_links_to":"","_links_to_target":""},"categories":[1],"tags":[],"class_list":["post-8046","post","type-post","status-publish","format-standard","hentry","category-musik"],"_links":{"self":[{"href":"http:\/\/blogg.varldenidag.se\/musik\/wp-json\/wp\/v2\/posts\/8046","targetHints":{"allow":["GET"]}}],"collection":[{"href":"http:\/\/blogg.varldenidag.se\/musik\/wp-json\/wp\/v2\/posts"}],"about":[{"href":"http:\/\/blogg.varldenidag.se\/musik\/wp-json\/wp\/v2\/types\/post"}],"author":[{"embeddable":true,"href":"http:\/\/blogg.varldenidag.se\/musik\/wp-json\/wp\/v2\/users\/15"}],"replies":[{"embeddable":true,"href":"http:\/\/blogg.varldenidag.se\/musik\/wp-json\/wp\/v2\/comments?post=8046"}],"version-history":[{"count":2,"href":"http:\/\/blogg.varldenidag.se\/musik\/wp-json\/wp\/v2\/posts\/8046\/revisions"}],"predecessor-version":[{"id":8060,"href":"http:\/\/blogg.varldenidag.se\/musik\/wp-json\/wp\/v2\/posts\/8046\/revisions\/8060"}],"wp:attachment":[{"href":"http:\/\/blogg.varldenidag.se\/musik\/wp-json\/wp\/v2\/media?parent=8046"}],"wp:term":[{"taxonomy":"category","embeddable":true,"href":"http:\/\/blogg.varldenidag.se\/musik\/wp-json\/wp\/v2\/categories?post=8046"},{"taxonomy":"post_tag","embeddable":true,"href":"http:\/\/blogg.varldenidag.se\/musik\/wp-json\/wp\/v2\/tags?post=8046"}],"curies":[{"name":"wp","href":"https:\/\/api.w.org\/{rel}","templated":true}]}}