{"id":8038,"date":"2024-05-31T00:17:00","date_gmt":"2024-05-30T22:17:00","guid":{"rendered":"http:\/\/blogg.varldenidag.se\/musik\/?p=8038"},"modified":"2024-05-21T11:51:38","modified_gmt":"2024-05-21T09:51:38","slug":"svenskt-musikaliskt-mote-over-generationsgranserna","status":"publish","type":"post","link":"http:\/\/blogg.varldenidag.se\/musik\/svenskt-musikaliskt-mote-over-generationsgranserna\/","title":{"rendered":"Svenskt musikaliskt m\u00f6te \u00f6ver generationsgr\u00e4nserna!"},"content":{"rendered":"<p>Ungt m\u00f6ter \u00e4ldre n\u00e4r v\u00e5ra nya favoriter, Stockholmsduon <strong>Esther Collective, <\/strong>g\u00f6r ett musikaliskt m\u00f6te med\u00a0veteranartisten och politikern <strong>Roland Utbult<\/strong>. Tillsammans sl\u00e4pper de en moderniserad tolkning av\u00a0<strong>Utbults<\/strong>\u00a0\u201d<em>Den f\u00f6rsta k\u00e4rleken\u201d \u2013\u00a0<\/em>en l\u00e5t som i dag har 36 \u00e5r p\u00e5 nacken och som h\u00e4r kl\u00e4ds i en produktion som andas radiopop a\u2019la 2024, samtidigt som det ursprungliga budskapet och k\u00e4nslan kvarst\u00e5r.<\/p>\n<p><strong>Spotify-l\u00e4nk: <\/strong><a href=\"https:\/\/open.spotify.com\/track\/3GUf5EusMniS1MKSVWRSLt?si=6eb67d7360744469\">https:\/\/open.spotify.com\/track\/3GUf5EusMniS1MKSVWRSLt?si=6eb67d7360744469<\/a><\/p>\n<div class=\"video-container\"><iframe loading=\"lazy\" title=\"Den f\u00f6rsta k\u00e4rleken\" width=\"500\" height=\"375\" src=\"https:\/\/www.youtube.com\/embed\/FiaNYtgz1rI?feature=oembed\" frameborder=\"0\" allow=\"accelerometer; autoplay; clipboard-write; encrypted-media; gyroscope; picture-in-picture; web-share\" referrerpolicy=\"strict-origin-when-cross-origin\" allowfullscreen><\/iframe><\/div>\n","protected":false},"excerpt":{"rendered":"<p>Ungt m\u00f6ter \u00e4ldre n\u00e4r v\u00e5ra nya favoriter, Stockholmsduon Esther Collective, g\u00f6r ett musikaliskt m\u00f6te med\u00a0veteranartisten och politikern Roland Utbult. Tillsammans sl\u00e4pper de en moderniserad tolkning av\u00a0Utbults\u00a0\u201dDen f\u00f6rsta [&hellip;]<\/p>\n","protected":false},"author":15,"featured_media":0,"comment_status":"open","ping_status":"open","sticky":false,"template":"","format":"standard","meta":{"footnotes":"","_links_to":"","_links_to_target":""},"categories":[1],"tags":[],"class_list":["post-8038","post","type-post","status-publish","format-standard","hentry","category-musik"],"_links":{"self":[{"href":"http:\/\/blogg.varldenidag.se\/musik\/wp-json\/wp\/v2\/posts\/8038","targetHints":{"allow":["GET"]}}],"collection":[{"href":"http:\/\/blogg.varldenidag.se\/musik\/wp-json\/wp\/v2\/posts"}],"about":[{"href":"http:\/\/blogg.varldenidag.se\/musik\/wp-json\/wp\/v2\/types\/post"}],"author":[{"embeddable":true,"href":"http:\/\/blogg.varldenidag.se\/musik\/wp-json\/wp\/v2\/users\/15"}],"replies":[{"embeddable":true,"href":"http:\/\/blogg.varldenidag.se\/musik\/wp-json\/wp\/v2\/comments?post=8038"}],"version-history":[{"count":2,"href":"http:\/\/blogg.varldenidag.se\/musik\/wp-json\/wp\/v2\/posts\/8038\/revisions"}],"predecessor-version":[{"id":8057,"href":"http:\/\/blogg.varldenidag.se\/musik\/wp-json\/wp\/v2\/posts\/8038\/revisions\/8057"}],"wp:attachment":[{"href":"http:\/\/blogg.varldenidag.se\/musik\/wp-json\/wp\/v2\/media?parent=8038"}],"wp:term":[{"taxonomy":"category","embeddable":true,"href":"http:\/\/blogg.varldenidag.se\/musik\/wp-json\/wp\/v2\/categories?post=8038"},{"taxonomy":"post_tag","embeddable":true,"href":"http:\/\/blogg.varldenidag.se\/musik\/wp-json\/wp\/v2\/tags?post=8038"}],"curies":[{"name":"wp","href":"https:\/\/api.w.org\/{rel}","templated":true}]}}