{"id":8034,"date":"2024-05-27T00:01:44","date_gmt":"2024-05-26T22:01:44","guid":{"rendered":"http:\/\/blogg.varldenidag.se\/musik\/?p=8034"},"modified":"2024-05-21T11:47:20","modified_gmt":"2024-05-21T09:47:20","slug":"en-ny-supertalang-ar-har","status":"publish","type":"post","link":"http:\/\/blogg.varldenidag.se\/musik\/en-ny-supertalang-ar-har\/","title":{"rendered":"En ny supertalang \u00e4r h\u00e4r!"},"content":{"rendered":"<p>Det \u00e4r tydligt med vissa artister att de har det d\u00e4r lilla extra, och som p\u00e5 kort tid lyckas charma lyssnare \u00f6ver hela v\u00e4rlden.\u00a0<strong>Forrest Frank\u00a0<\/strong>och\u00a0<strong>Josiah Queen\u00a0<\/strong>\u00e4r n\u00e5gra kristna stj\u00e4rnskott som slagit till med stora lyssnarskaror p\u00e5 senare tid \u2013 men det \u00e4r h\u00f6g tid att addera ett nytt namn till den listan. Amerikanska\u00a0<strong>Caleb Gordon\u00a0<\/strong>har n\u00e4mligen g\u00e5tt fr\u00e5n att komma till synes fr\u00e5n ingenstans till att ha \u00f6ver 1,7 miljoner lyssningar per m\u00e5nad p\u00e5 Spotify, och hans streams r\u00e4knas redan i m\u00e5nga tiotals miljoner.<\/p>\n<p>Han har redan sl\u00e4ppt riktigt vassa l\u00e5tar, d\u00e4r han borrar sig ner i tight och tung hiphop \u2013 men hans senaste singel \u201d<em>War\u201d\u00a0<\/em>kan vara en ink\u00f6rsport f\u00f6r \u00e4nnu fler. Vi snackar en l\u00e5t av superklass, d\u00e4r han b\u00e5de bjussar reggae- och hiphoptoner, samtidigt som han inte duckar f\u00f6r vad han st\u00e5r n\u00e4r det g\u00e4ller sin tro.<\/p>\n<p><strong>Caleb\u00a0<\/strong>\u00e4r en m\u00e5ngsidig, talangfull artist som \u00e4r v\u00e4rd att spana in \u2013 oavsett om du egentligen gillar hiphop eller inte \u2013 f\u00f6r det h\u00e4r \u00e4r ett framtidsnamn av gigantiska proportioner.<\/p>\n<p><strong>Spotify-l\u00e4nk:\u00a0<\/strong><a href=\"https:\/\/open.spotify.com\/track\/0KFBeOOgwCtOgn8yucRy1X?si=00d0045e26b04882\">https:\/\/open.spotify.com\/track\/0KFBeOOgwCtOgn8yucRy1X?si=00d0045e26b04882<\/a><\/p>\n<div class=\"video-container\"><iframe loading=\"lazy\" title=\"War\" width=\"500\" height=\"375\" src=\"https:\/\/www.youtube.com\/embed\/oZPPDYjLXQU?feature=oembed\" frameborder=\"0\" allow=\"accelerometer; autoplay; clipboard-write; encrypted-media; gyroscope; picture-in-picture; web-share\" referrerpolicy=\"strict-origin-when-cross-origin\" allowfullscreen><\/iframe><\/div>\n","protected":false},"excerpt":{"rendered":"<p>Det \u00e4r tydligt med vissa artister att de har det d\u00e4r lilla extra, och som p\u00e5 kort tid lyckas charma lyssnare \u00f6ver hela v\u00e4rlden.\u00a0Forrest Frank\u00a0och\u00a0Josiah Queen\u00a0\u00e4r n\u00e5gra [&hellip;]<\/p>\n","protected":false},"author":15,"featured_media":0,"comment_status":"open","ping_status":"open","sticky":false,"template":"","format":"standard","meta":{"footnotes":"","_links_to":"","_links_to_target":""},"categories":[1],"tags":[],"class_list":["post-8034","post","type-post","status-publish","format-standard","hentry","category-musik"],"_links":{"self":[{"href":"http:\/\/blogg.varldenidag.se\/musik\/wp-json\/wp\/v2\/posts\/8034","targetHints":{"allow":["GET"]}}],"collection":[{"href":"http:\/\/blogg.varldenidag.se\/musik\/wp-json\/wp\/v2\/posts"}],"about":[{"href":"http:\/\/blogg.varldenidag.se\/musik\/wp-json\/wp\/v2\/types\/post"}],"author":[{"embeddable":true,"href":"http:\/\/blogg.varldenidag.se\/musik\/wp-json\/wp\/v2\/users\/15"}],"replies":[{"embeddable":true,"href":"http:\/\/blogg.varldenidag.se\/musik\/wp-json\/wp\/v2\/comments?post=8034"}],"version-history":[{"count":3,"href":"http:\/\/blogg.varldenidag.se\/musik\/wp-json\/wp\/v2\/posts\/8034\/revisions"}],"predecessor-version":[{"id":8054,"href":"http:\/\/blogg.varldenidag.se\/musik\/wp-json\/wp\/v2\/posts\/8034\/revisions\/8054"}],"wp:attachment":[{"href":"http:\/\/blogg.varldenidag.se\/musik\/wp-json\/wp\/v2\/media?parent=8034"}],"wp:term":[{"taxonomy":"category","embeddable":true,"href":"http:\/\/blogg.varldenidag.se\/musik\/wp-json\/wp\/v2\/categories?post=8034"},{"taxonomy":"post_tag","embeddable":true,"href":"http:\/\/blogg.varldenidag.se\/musik\/wp-json\/wp\/v2\/tags?post=8034"}],"curies":[{"name":"wp","href":"https:\/\/api.w.org\/{rel}","templated":true}]}}