{"id":7959,"date":"2024-03-20T00:10:24","date_gmt":"2024-03-19T23:10:24","guid":{"rendered":"http:\/\/blogg.varldenidag.se\/musik\/?p=7959"},"modified":"2024-04-09T12:26:10","modified_gmt":"2024-04-09T10:26:10","slug":"tradition-moter-modernt-sound-i-ny-superstark-svensk-lovsang","status":"publish","type":"post","link":"http:\/\/blogg.varldenidag.se\/musik\/tradition-moter-modernt-sound-i-ny-superstark-svensk-lovsang\/","title":{"rendered":"Tradition m\u00f6ter modernt sound i ny superstark svensk lovs\u00e5ng!"},"content":{"rendered":"<p>N\u00e4r ett internationellt l\u00e5tskrivarcamp, med fokus p\u00e5 lovs\u00e5ng, h\u00f6lls i Stockholm f\u00f6rra \u00e5ret var\u00a0<em>&#8221;R\u00f6d (Jesu blod)&#8221;\u00a0<\/em>ett av resultaten. Bakom l\u00e5ten ligger svenska\u00a0<strong>Johan \u00c5sg\u00e4rde\u00a0<\/strong>tillsammans med\u00a0<strong>Dwan Hill\u00a0<\/strong>och\u00a0<strong>Becca Folkes.\u00a0<\/strong>och \u00e4ven om l\u00e5ten f\u00f6rst skrevs p\u00e5 engelska var den svenska versionen f\u00f6rst ut att sl\u00e4ppas.<\/p>\n<p>Och vi lovar en sak \u2013 du vill absolut inte missa denna fantastiska s\u00e5ng. F\u00f6r en del s\u00e5nger griper tag lite extra och v\u00e4xer sig extra stor i hj\u00e4rtat, och det kan vi lova att denna g\u00f6r. <em>&#8221;R\u00f6d&#8221;<\/em> \u00e4r ett gyllene exempel p\u00e5 hur briljant det kan l\u00e5ta n\u00e4r traditionell lovs\u00e5ngstradition m\u00f6ter modern s\u00e5dan, och fram tr\u00e4der en genombra lovs\u00e5ng som \u00e4r sv\u00e5r att sluta lyssna p\u00e5. Budskapet, s\u00e5ngen, formatet, soundet \u2013 allt sitter som en sm\u00e4ck och g\u00f6r den h\u00e4r l\u00e5ten till ett av de st\u00f6rsta utropstecknen hittills i musik\u00e5ret 2024.<\/p>\n<p>Vi \u00e4r helt \u00f6vertygade om att det h\u00e4r \u00e4r en s\u00e5ng som kommer f\u00e5nga m\u00e5nga m\u00e4nniskors hj\u00e4rtan, under l\u00e5ng tid fram\u00f6ver. Missa inte!<\/p>\n<p><strong>Spotify-l\u00e4nk:\u00a0<\/strong><a href=\"https:\/\/open.spotify.com\/track\/0npLMd5IzOS8jdIlQOtXTu?si=2610a2096fb947f0\">https:\/\/open.spotify.com\/track\/0npLMd5IzOS8jdIlQOtXTu?si=2610a2096fb947f0<\/a><\/p>\n<div class=\"video-container\"><iframe loading=\"lazy\" title=\"r\u00f6d (jesu blod)\" width=\"500\" height=\"375\" src=\"https:\/\/www.youtube.com\/embed\/x8OI7pxJ6Ds?feature=oembed\" frameborder=\"0\" allow=\"accelerometer; autoplay; clipboard-write; encrypted-media; gyroscope; picture-in-picture; web-share\" referrerpolicy=\"strict-origin-when-cross-origin\" allowfullscreen><\/iframe><\/div>\n","protected":false},"excerpt":{"rendered":"<p>N\u00e4r ett internationellt l\u00e5tskrivarcamp, med fokus p\u00e5 lovs\u00e5ng, h\u00f6lls i Stockholm f\u00f6rra \u00e5ret var\u00a0&#8221;R\u00f6d (Jesu blod)&#8221;\u00a0ett av resultaten. Bakom l\u00e5ten ligger svenska\u00a0Johan \u00c5sg\u00e4rde\u00a0tillsammans med\u00a0Dwan Hill\u00a0och\u00a0Becca Folkes.\u00a0och \u00e4ven [&hellip;]<\/p>\n","protected":false},"author":15,"featured_media":0,"comment_status":"open","ping_status":"open","sticky":false,"template":"","format":"standard","meta":{"footnotes":"","_links_to":"","_links_to_target":""},"categories":[1],"tags":[],"class_list":["post-7959","post","type-post","status-publish","format-standard","hentry","category-musik"],"_links":{"self":[{"href":"http:\/\/blogg.varldenidag.se\/musik\/wp-json\/wp\/v2\/posts\/7959","targetHints":{"allow":["GET"]}}],"collection":[{"href":"http:\/\/blogg.varldenidag.se\/musik\/wp-json\/wp\/v2\/posts"}],"about":[{"href":"http:\/\/blogg.varldenidag.se\/musik\/wp-json\/wp\/v2\/types\/post"}],"author":[{"embeddable":true,"href":"http:\/\/blogg.varldenidag.se\/musik\/wp-json\/wp\/v2\/users\/15"}],"replies":[{"embeddable":true,"href":"http:\/\/blogg.varldenidag.se\/musik\/wp-json\/wp\/v2\/comments?post=7959"}],"version-history":[{"count":2,"href":"http:\/\/blogg.varldenidag.se\/musik\/wp-json\/wp\/v2\/posts\/7959\/revisions"}],"predecessor-version":[{"id":7974,"href":"http:\/\/blogg.varldenidag.se\/musik\/wp-json\/wp\/v2\/posts\/7959\/revisions\/7974"}],"wp:attachment":[{"href":"http:\/\/blogg.varldenidag.se\/musik\/wp-json\/wp\/v2\/media?parent=7959"}],"wp:term":[{"taxonomy":"category","embeddable":true,"href":"http:\/\/blogg.varldenidag.se\/musik\/wp-json\/wp\/v2\/categories?post=7959"},{"taxonomy":"post_tag","embeddable":true,"href":"http:\/\/blogg.varldenidag.se\/musik\/wp-json\/wp\/v2\/tags?post=7959"}],"curies":[{"name":"wp","href":"https:\/\/api.w.org\/{rel}","templated":true}]}}