{"id":7948,"date":"2024-02-19T21:05:06","date_gmt":"2024-02-19T20:05:06","guid":{"rendered":"http:\/\/blogg.varldenidag.se\/musik\/?p=7948"},"modified":"2024-02-19T21:05:07","modified_gmt":"2024-02-19T20:05:07","slug":"spellistan-med-det-basta-just-nu-4","status":"publish","type":"post","link":"http:\/\/blogg.varldenidag.se\/musik\/spellistan-med-det-basta-just-nu-4\/","title":{"rendered":"Spellistan med det b\u00e4sta just nu!"},"content":{"rendered":"<p>Varf\u00f6r g\u00f6ra det sv\u00e5rt f\u00f6r sig? Med spellistan\u00a0<strong>Good Vibes\u00a0<\/strong>samlar vi 100 av de allra b\u00e4sta kristna l\u00e5tarna just nu, oavsett genre, p\u00e5 ett och samma st\u00e4lle. Och s\u00e5 klart uppdateras listan l\u00f6pande f\u00f6r att st\u00e4ndigt vara aktuell och fr\u00e4sch. F\u00f6lj spellistan s\u00e5 missar du inga nya favoriter!<\/p>\n<div class=\"video-container\"><iframe title=\"Spotify Embed: Good Vibes.\" style=\"border-radius: 12px\" width=\"100%\" height=\"352\" frameborder=\"0\" allowfullscreen allow=\"autoplay; clipboard-write; encrypted-media; fullscreen; picture-in-picture\" loading=\"lazy\" src=\"https:\/\/open.spotify.com\/embed\/playlist\/4taV1hFWHeGz9ItSfmyAbe?si=7bb56211daad410c&#038;utm_source=oembed\"><\/iframe><\/div>\n","protected":false},"excerpt":{"rendered":"<p>Varf\u00f6r g\u00f6ra det sv\u00e5rt f\u00f6r sig? Med spellistan\u00a0Good Vibes\u00a0samlar vi 100 av de allra b\u00e4sta kristna l\u00e5tarna just nu, oavsett genre, p\u00e5 ett och samma st\u00e4lle. Och [&hellip;]<\/p>\n","protected":false},"author":15,"featured_media":0,"comment_status":"open","ping_status":"open","sticky":false,"template":"","format":"standard","meta":{"footnotes":"","_links_to":"","_links_to_target":""},"categories":[1],"tags":[],"class_list":["post-7948","post","type-post","status-publish","format-standard","hentry","category-musik"],"_links":{"self":[{"href":"http:\/\/blogg.varldenidag.se\/musik\/wp-json\/wp\/v2\/posts\/7948","targetHints":{"allow":["GET"]}}],"collection":[{"href":"http:\/\/blogg.varldenidag.se\/musik\/wp-json\/wp\/v2\/posts"}],"about":[{"href":"http:\/\/blogg.varldenidag.se\/musik\/wp-json\/wp\/v2\/types\/post"}],"author":[{"embeddable":true,"href":"http:\/\/blogg.varldenidag.se\/musik\/wp-json\/wp\/v2\/users\/15"}],"replies":[{"embeddable":true,"href":"http:\/\/blogg.varldenidag.se\/musik\/wp-json\/wp\/v2\/comments?post=7948"}],"version-history":[{"count":1,"href":"http:\/\/blogg.varldenidag.se\/musik\/wp-json\/wp\/v2\/posts\/7948\/revisions"}],"predecessor-version":[{"id":7949,"href":"http:\/\/blogg.varldenidag.se\/musik\/wp-json\/wp\/v2\/posts\/7948\/revisions\/7949"}],"wp:attachment":[{"href":"http:\/\/blogg.varldenidag.se\/musik\/wp-json\/wp\/v2\/media?parent=7948"}],"wp:term":[{"taxonomy":"category","embeddable":true,"href":"http:\/\/blogg.varldenidag.se\/musik\/wp-json\/wp\/v2\/categories?post=7948"},{"taxonomy":"post_tag","embeddable":true,"href":"http:\/\/blogg.varldenidag.se\/musik\/wp-json\/wp\/v2\/tags?post=7948"}],"curies":[{"name":"wp","href":"https:\/\/api.w.org\/{rel}","templated":true}]}}