{"id":7942,"date":"2024-03-02T00:46:41","date_gmt":"2024-03-01T23:46:41","guid":{"rendered":"http:\/\/blogg.varldenidag.se\/musik\/?p=7942"},"modified":"2024-02-19T20:47:01","modified_gmt":"2024-02-19T19:47:01","slug":"orebroartisten-sprider-valbehovligt-hopp","status":"publish","type":"post","link":"http:\/\/blogg.varldenidag.se\/musik\/orebroartisten-sprider-valbehovligt-hopp\/","title":{"rendered":"\u00d6rebroartisten sprider v\u00e4lbeh\u00f6vligt hopp!"},"content":{"rendered":"<p>\u00d6rebroartisten\u00a0<strong>Amanda Salminen\u00a0<\/strong>k\u00e4nde i h\u00f6stas, f\u00f6rmodligen som m\u00e5nga andra, en oro inf\u00f6r den stundande vintern. Men under tiden som hon b\u00f6rjade skriva sin nya l\u00e5t blev v\u00e4rlden en \u00e4nnu kallare plats \u2013 och l\u00e5tar som precis denna beh\u00f6vs mer \u00e4n n\u00e5gonsin. Med sin \u201dEn vinter till&#8221; vill\u00a0<strong>Amanda\u00a0<\/strong>ingjuta hopp till de som k\u00e4mpar p\u00e5 riktigt \u2013 ett hopp om att det kommer en v\u00e5r och att det finns ett ljus som lyser i m\u00f6rkret.<\/p>\n<p>L\u00e5ten \u00e4r en varm, fint ihopsnickrad l\u00e5t som sprider just det d\u00e4r v\u00e4lbeh\u00f6vliga hoppet i en m\u00f6rk tid!<\/p>\n<p><strong>Spotify-l\u00e4nk:\u00a0<\/strong><a href=\"https:\/\/open.spotify.com\/track\/2OlyUqPX3gwqNtdzugImwE?si=a323cbed73f84a18\">https:\/\/open.spotify.com\/track\/2OlyUqPX3gwqNtdzugImwE?si=a323cbed73f84a18<\/a><\/p>\n<div class=\"video-container\"><iframe loading=\"lazy\" title=\"En vinter till\" width=\"500\" height=\"375\" src=\"https:\/\/www.youtube.com\/embed\/xkEw9FbgFyk?feature=oembed\" frameborder=\"0\" allow=\"accelerometer; autoplay; clipboard-write; encrypted-media; gyroscope; picture-in-picture; web-share\" referrerpolicy=\"strict-origin-when-cross-origin\" allowfullscreen><\/iframe><\/div>\n","protected":false},"excerpt":{"rendered":"<p>\u00d6rebroartisten\u00a0Amanda Salminen\u00a0k\u00e4nde i h\u00f6stas, f\u00f6rmodligen som m\u00e5nga andra, en oro inf\u00f6r den stundande vintern. Men under tiden som hon b\u00f6rjade skriva sin nya l\u00e5t blev v\u00e4rlden en [&hellip;]<\/p>\n","protected":false},"author":15,"featured_media":0,"comment_status":"open","ping_status":"open","sticky":false,"template":"","format":"standard","meta":{"footnotes":"","_links_to":"","_links_to_target":""},"categories":[1],"tags":[],"class_list":["post-7942","post","type-post","status-publish","format-standard","hentry","category-musik"],"_links":{"self":[{"href":"http:\/\/blogg.varldenidag.se\/musik\/wp-json\/wp\/v2\/posts\/7942","targetHints":{"allow":["GET"]}}],"collection":[{"href":"http:\/\/blogg.varldenidag.se\/musik\/wp-json\/wp\/v2\/posts"}],"about":[{"href":"http:\/\/blogg.varldenidag.se\/musik\/wp-json\/wp\/v2\/types\/post"}],"author":[{"embeddable":true,"href":"http:\/\/blogg.varldenidag.se\/musik\/wp-json\/wp\/v2\/users\/15"}],"replies":[{"embeddable":true,"href":"http:\/\/blogg.varldenidag.se\/musik\/wp-json\/wp\/v2\/comments?post=7942"}],"version-history":[{"count":1,"href":"http:\/\/blogg.varldenidag.se\/musik\/wp-json\/wp\/v2\/posts\/7942\/revisions"}],"predecessor-version":[{"id":7943,"href":"http:\/\/blogg.varldenidag.se\/musik\/wp-json\/wp\/v2\/posts\/7942\/revisions\/7943"}],"wp:attachment":[{"href":"http:\/\/blogg.varldenidag.se\/musik\/wp-json\/wp\/v2\/media?parent=7942"}],"wp:term":[{"taxonomy":"category","embeddable":true,"href":"http:\/\/blogg.varldenidag.se\/musik\/wp-json\/wp\/v2\/categories?post=7942"},{"taxonomy":"post_tag","embeddable":true,"href":"http:\/\/blogg.varldenidag.se\/musik\/wp-json\/wp\/v2\/tags?post=7942"}],"curies":[{"name":"wp","href":"https:\/\/api.w.org\/{rel}","templated":true}]}}