{"id":7938,"date":"2024-03-04T00:34:24","date_gmt":"2024-03-03T23:34:24","guid":{"rendered":"http:\/\/blogg.varldenidag.se\/musik\/?p=7938"},"modified":"2024-02-19T20:34:40","modified_gmt":"2024-02-19T19:34:40","slug":"popstjarnan-etsar-sig-fast-i-oronen","status":"publish","type":"post","link":"http:\/\/blogg.varldenidag.se\/musik\/popstjarnan-etsar-sig-fast-i-oronen\/","title":{"rendered":"Popstj\u00e4rnan etsar sig fast i \u00f6ronen!"},"content":{"rendered":"<p>Hon har redan k\u00e4nt p\u00e5 hur det \u00e4r att vara popstj\u00e4rna \u2013 b\u00e5de som t\u00e4vlande i American Idol och som duettpartner till ingen mindre \u00e4n\u00a0<strong>Ed Sheeran.\u00a0<\/strong>Men \u00e4ven om popsn\u00f6ret\u00a0<strong>Tori Kelly\u00a0<\/strong>nuf\u00f6rtiden bjuder p\u00e5 musik i den kristna genren och i gospelv\u00e4rlden, s\u00e5 betyder inte det att hennes karri\u00e4r saktat in. Tv\u00e4rtom \u2013 nya singeln\u00a0<em>&#8221;High water&#8221;\u00a0<\/em>bevisar att\u00a0<strong>Tori\u00a0<\/strong>\u00e4r ett namn som kommer stanna kvar l\u00e5ngt efter att spotlighten fr\u00e5n de stora topplistorna slocknat.<\/p>\n<p>Det h\u00e4r \u00e4r en riktigt charmig och sv\u00e4ngig l\u00e5t som \u00e4r sv\u00e5r att motst\u00e5. Ett hoppfullt budskap, i en hj\u00e4rv\u00e4rmande musikalisk f\u00f6rpackning!<\/p>\n<p><strong>Spotlight:\u00a0<\/strong><a href=\"https:\/\/open.spotify.com\/track\/32dWnUPQ0l4cdsOcEj5fCk?si=22c03dc48fb64a6f\">https:\/\/open.spotify.com\/track\/32dWnUPQ0l4cdsOcEj5fCk?si=22c03dc48fb64a6f<\/a><\/p>\n<div class=\"video-container\"><iframe loading=\"lazy\" title=\"Tori Kelly - high water (Official Audio)\" width=\"500\" height=\"281\" src=\"https:\/\/www.youtube.com\/embed\/IOot_N0td8s?feature=oembed\" frameborder=\"0\" allow=\"accelerometer; autoplay; clipboard-write; encrypted-media; gyroscope; picture-in-picture; web-share\" referrerpolicy=\"strict-origin-when-cross-origin\" allowfullscreen><\/iframe><\/div>\n","protected":false},"excerpt":{"rendered":"<p>Hon har redan k\u00e4nt p\u00e5 hur det \u00e4r att vara popstj\u00e4rna \u2013 b\u00e5de som t\u00e4vlande i American Idol och som duettpartner till ingen mindre \u00e4n\u00a0Ed Sheeran.\u00a0Men \u00e4ven [&hellip;]<\/p>\n","protected":false},"author":15,"featured_media":0,"comment_status":"open","ping_status":"open","sticky":false,"template":"","format":"standard","meta":{"footnotes":"","_links_to":"","_links_to_target":""},"categories":[1],"tags":[],"class_list":["post-7938","post","type-post","status-publish","format-standard","hentry","category-musik"],"_links":{"self":[{"href":"http:\/\/blogg.varldenidag.se\/musik\/wp-json\/wp\/v2\/posts\/7938","targetHints":{"allow":["GET"]}}],"collection":[{"href":"http:\/\/blogg.varldenidag.se\/musik\/wp-json\/wp\/v2\/posts"}],"about":[{"href":"http:\/\/blogg.varldenidag.se\/musik\/wp-json\/wp\/v2\/types\/post"}],"author":[{"embeddable":true,"href":"http:\/\/blogg.varldenidag.se\/musik\/wp-json\/wp\/v2\/users\/15"}],"replies":[{"embeddable":true,"href":"http:\/\/blogg.varldenidag.se\/musik\/wp-json\/wp\/v2\/comments?post=7938"}],"version-history":[{"count":1,"href":"http:\/\/blogg.varldenidag.se\/musik\/wp-json\/wp\/v2\/posts\/7938\/revisions"}],"predecessor-version":[{"id":7939,"href":"http:\/\/blogg.varldenidag.se\/musik\/wp-json\/wp\/v2\/posts\/7938\/revisions\/7939"}],"wp:attachment":[{"href":"http:\/\/blogg.varldenidag.se\/musik\/wp-json\/wp\/v2\/media?parent=7938"}],"wp:term":[{"taxonomy":"category","embeddable":true,"href":"http:\/\/blogg.varldenidag.se\/musik\/wp-json\/wp\/v2\/categories?post=7938"},{"taxonomy":"post_tag","embeddable":true,"href":"http:\/\/blogg.varldenidag.se\/musik\/wp-json\/wp\/v2\/tags?post=7938"}],"curies":[{"name":"wp","href":"https:\/\/api.w.org\/{rel}","templated":true}]}}