{"id":7926,"date":"2024-02-21T00:31:59","date_gmt":"2024-02-20T23:31:59","guid":{"rendered":"http:\/\/blogg.varldenidag.se\/musik\/?p=7926"},"modified":"2024-02-15T19:32:16","modified_gmt":"2024-02-15T18:32:16","slug":"vasst-svenskt-hiphopalbum-fran-seron","status":"publish","type":"post","link":"http:\/\/blogg.varldenidag.se\/musik\/vasst-svenskt-hiphopalbum-fran-seron\/","title":{"rendered":"Vasst svenskt hiphopalbum fr\u00e5n Seron"},"content":{"rendered":"<p>F\u00f6r en alldeles massa \u00e5r sedan var\u00a0<strong>David Ringb\u00e4ck\u00a0<\/strong>en av medlemmarna i det hyllade svenska hiphopg\u00e4nget\u00a0<strong>Mobbade barn med automatvapen.\u00a0<\/strong>Men mycket vatten har runnit under broarna sedan dess \u2013 och numer \u00e4r han soloartist under namnet\u00a0<strong>Seron\u00a0<\/strong>och bosatt i Brasilien. Men talangen best\u00e5r, och den anv\u00e4nder han numer f\u00f6r att leverera kristen hiphop av mest skimrande guld.<\/p>\n<p>Ett helt nytt album s\u00e5g dagens ljus precis n\u00e4r 2023 blev 2024, och det \u00e4r en skiva som \u00e4r spr\u00e4ngfylld med l\u00e5tar i h\u00f6gt tempo och med sylvass hiphop, som dessutom f\u00f6r\u00e4rats med en tilltalande produktion. Oavsett om du \u00e4r en van hiphoplyssnare eller inte s\u00e5 finns massor av guld att h\u00e4mta n\u00e4r\u00a0<strong>Seron\u00a0<\/strong>\u00e4r i farten!<\/p>\n<div class=\"video-container\"><iframe title=\"Spotify Embed: LJUS!\" style=\"border-radius: 12px\" width=\"100%\" height=\"352\" frameborder=\"0\" allowfullscreen allow=\"autoplay; clipboard-write; encrypted-media; fullscreen; picture-in-picture\" loading=\"lazy\" src=\"https:\/\/open.spotify.com\/embed\/album\/45tMm5GKvg5Im5aWv4eyNx?si=SjkSw9B3RGWxw33tuSwxgQ&#038;utm_source=oembed\"><\/iframe><\/div>\n","protected":false},"excerpt":{"rendered":"<p>F\u00f6r en alldeles massa \u00e5r sedan var\u00a0David Ringb\u00e4ck\u00a0en av medlemmarna i det hyllade svenska hiphopg\u00e4nget\u00a0Mobbade barn med automatvapen.\u00a0Men mycket vatten har runnit under broarna sedan dess \u2013 [&hellip;]<\/p>\n","protected":false},"author":15,"featured_media":0,"comment_status":"open","ping_status":"open","sticky":false,"template":"","format":"standard","meta":{"footnotes":"","_links_to":"","_links_to_target":""},"categories":[1],"tags":[],"class_list":["post-7926","post","type-post","status-publish","format-standard","hentry","category-musik"],"_links":{"self":[{"href":"http:\/\/blogg.varldenidag.se\/musik\/wp-json\/wp\/v2\/posts\/7926","targetHints":{"allow":["GET"]}}],"collection":[{"href":"http:\/\/blogg.varldenidag.se\/musik\/wp-json\/wp\/v2\/posts"}],"about":[{"href":"http:\/\/blogg.varldenidag.se\/musik\/wp-json\/wp\/v2\/types\/post"}],"author":[{"embeddable":true,"href":"http:\/\/blogg.varldenidag.se\/musik\/wp-json\/wp\/v2\/users\/15"}],"replies":[{"embeddable":true,"href":"http:\/\/blogg.varldenidag.se\/musik\/wp-json\/wp\/v2\/comments?post=7926"}],"version-history":[{"count":1,"href":"http:\/\/blogg.varldenidag.se\/musik\/wp-json\/wp\/v2\/posts\/7926\/revisions"}],"predecessor-version":[{"id":7927,"href":"http:\/\/blogg.varldenidag.se\/musik\/wp-json\/wp\/v2\/posts\/7926\/revisions\/7927"}],"wp:attachment":[{"href":"http:\/\/blogg.varldenidag.se\/musik\/wp-json\/wp\/v2\/media?parent=7926"}],"wp:term":[{"taxonomy":"category","embeddable":true,"href":"http:\/\/blogg.varldenidag.se\/musik\/wp-json\/wp\/v2\/categories?post=7926"},{"taxonomy":"post_tag","embeddable":true,"href":"http:\/\/blogg.varldenidag.se\/musik\/wp-json\/wp\/v2\/tags?post=7926"}],"curies":[{"name":"wp","href":"https:\/\/api.w.org\/{rel}","templated":true}]}}