{"id":7920,"date":"2024-02-17T00:09:50","date_gmt":"2024-02-16T23:09:50","guid":{"rendered":"http:\/\/blogg.varldenidag.se\/musik\/?p=7920"},"modified":"2024-02-15T19:17:22","modified_gmt":"2024-02-15T18:17:22","slug":"annu-ett-stjarnskott-presenterar-sig","status":"publish","type":"post","link":"http:\/\/blogg.varldenidag.se\/musik\/annu-ett-stjarnskott-presenterar-sig\/","title":{"rendered":"\u00c4nnu ett stj\u00e4rnskott presenterar sig"},"content":{"rendered":"<p>Det poppar st\u00e4ndigt upp nya sp\u00e4nnande kristna akter, och inte minst den p\u00e5 indie- och folksidan f\u00f6r tillf\u00e4llet. Ett till namn att l\u00e4gga p\u00e5 minnet \u00e4r n\u00e4mligen\u00a0<strong>Luke Bower\u00a0<\/strong>som huserar precis i de genrerna. Med en splitterny EP presenterar han sig sj\u00e4lv f\u00f6r f\u00f6rsta g\u00e5ngen \u2013 och vi lovar, han g\u00f6r ingen besviken!<\/p>\n<p>Niv\u00e5n \u00e4r brutalt h\u00f6g n\u00e4r han river av l\u00e5tar som\u00a0<em>&#8221;Haunted&#8221;\u00a0<\/em>som redan f\u00e5tt en hel del uppm\u00e4rksamhet och k\u00e4rlek. Inte minst skvallrar l\u00e5ten om potentialen i den h\u00e4r mannen! Hans s\u00e5ng om helige Ande, inb\u00e4ddat i ett musikaliskt folklandskap, \u00e4r faktiskt inget annat \u00e4n helt enast\u00e5ende.<\/p>\n<p><strong>Spotify-l\u00e4nk:\u00a0<\/strong><a href=\"https:\/\/open.spotify.com\/track\/3rSH0Uz5PJuWWzovgoD5xH?si=3e35f75bc4324a8d\">https:\/\/open.spotify.com\/track\/3rSH0Uz5PJuWWzovgoD5xH?si=3e35f75bc4324a8d<\/a><\/p>\n<div class=\"video-container\"><iframe loading=\"lazy\" title=\"Luke Bower - Haunted (Official Music Video)\" width=\"500\" height=\"281\" src=\"https:\/\/www.youtube.com\/embed\/sPs0bBrcikQ?feature=oembed\" frameborder=\"0\" allow=\"accelerometer; autoplay; clipboard-write; encrypted-media; gyroscope; picture-in-picture; web-share\" referrerpolicy=\"strict-origin-when-cross-origin\" allowfullscreen><\/iframe><\/div>\n","protected":false},"excerpt":{"rendered":"<p>Det poppar st\u00e4ndigt upp nya sp\u00e4nnande kristna akter, och inte minst den p\u00e5 indie- och folksidan f\u00f6r tillf\u00e4llet. Ett till namn att l\u00e4gga p\u00e5 minnet \u00e4r n\u00e4mligen\u00a0Luke [&hellip;]<\/p>\n","protected":false},"author":15,"featured_media":0,"comment_status":"open","ping_status":"open","sticky":false,"template":"","format":"standard","meta":{"footnotes":"","_links_to":"","_links_to_target":""},"categories":[1],"tags":[],"class_list":["post-7920","post","type-post","status-publish","format-standard","hentry","category-musik"],"_links":{"self":[{"href":"http:\/\/blogg.varldenidag.se\/musik\/wp-json\/wp\/v2\/posts\/7920","targetHints":{"allow":["GET"]}}],"collection":[{"href":"http:\/\/blogg.varldenidag.se\/musik\/wp-json\/wp\/v2\/posts"}],"about":[{"href":"http:\/\/blogg.varldenidag.se\/musik\/wp-json\/wp\/v2\/types\/post"}],"author":[{"embeddable":true,"href":"http:\/\/blogg.varldenidag.se\/musik\/wp-json\/wp\/v2\/users\/15"}],"replies":[{"embeddable":true,"href":"http:\/\/blogg.varldenidag.se\/musik\/wp-json\/wp\/v2\/comments?post=7920"}],"version-history":[{"count":1,"href":"http:\/\/blogg.varldenidag.se\/musik\/wp-json\/wp\/v2\/posts\/7920\/revisions"}],"predecessor-version":[{"id":7921,"href":"http:\/\/blogg.varldenidag.se\/musik\/wp-json\/wp\/v2\/posts\/7920\/revisions\/7921"}],"wp:attachment":[{"href":"http:\/\/blogg.varldenidag.se\/musik\/wp-json\/wp\/v2\/media?parent=7920"}],"wp:term":[{"taxonomy":"category","embeddable":true,"href":"http:\/\/blogg.varldenidag.se\/musik\/wp-json\/wp\/v2\/categories?post=7920"},{"taxonomy":"post_tag","embeddable":true,"href":"http:\/\/blogg.varldenidag.se\/musik\/wp-json\/wp\/v2\/tags?post=7920"}],"curies":[{"name":"wp","href":"https:\/\/api.w.org\/{rel}","templated":true}]}}