{"id":7893,"date":"2024-01-29T22:04:11","date_gmt":"2024-01-29T21:04:11","guid":{"rendered":"http:\/\/blogg.varldenidag.se\/musik\/?p=7893"},"modified":"2024-02-13T17:13:53","modified_gmt":"2024-02-13T16:13:53","slug":"lyssna-in-dig-pa-det-basta-fran-sverige","status":"publish","type":"post","link":"http:\/\/blogg.varldenidag.se\/musik\/lyssna-in-dig-pa-det-basta-fran-sverige\/","title":{"rendered":"Lyssna in dig p\u00e5 det b\u00e4sta fr\u00e5n Sverige!"},"content":{"rendered":"<p>Om du gillar svensk ny musik s\u00e5 ska du se till att f\u00f6lja v\u00e5r spellista\u00a0<strong>Sverige Topp 20!\u00a0<\/strong>Namnet g\u00f6r ingen hemlighet av att det r\u00f6r sig om de 20 f\u00f6r tillf\u00e4llet b\u00e4sta l\u00e5tarna fr\u00e5n Sverige, f\u00f6rpackat p\u00e5 ett och samma st\u00e4lle. F\u00f6lj spellistan f\u00f6r att inte missa n\u00e5gra sl\u00e4pp!<\/p>\n<div class=\"video-container\"><iframe title=\"Spotify Embed: Sverige Topp 20\" style=\"border-radius: 12px\" width=\"100%\" height=\"352\" frameborder=\"0\" allowfullscreen allow=\"autoplay; clipboard-write; encrypted-media; fullscreen; picture-in-picture\" loading=\"lazy\" src=\"https:\/\/open.spotify.com\/embed\/playlist\/7MRiIphMluwMghAnMWFhZk?si=f465a7152cbb4b81&#038;utm_source=oembed\"><\/iframe><\/div>\n","protected":false},"excerpt":{"rendered":"<p>Om du gillar svensk ny musik s\u00e5 ska du se till att f\u00f6lja v\u00e5r spellista\u00a0Sverige Topp 20!\u00a0Namnet g\u00f6r ingen hemlighet av att det r\u00f6r sig om de [&hellip;]<\/p>\n","protected":false},"author":15,"featured_media":0,"comment_status":"open","ping_status":"open","sticky":false,"template":"","format":"standard","meta":{"footnotes":"","_links_to":"","_links_to_target":""},"categories":[1],"tags":[],"class_list":["post-7893","post","type-post","status-publish","format-standard","hentry","category-musik"],"_links":{"self":[{"href":"http:\/\/blogg.varldenidag.se\/musik\/wp-json\/wp\/v2\/posts\/7893","targetHints":{"allow":["GET"]}}],"collection":[{"href":"http:\/\/blogg.varldenidag.se\/musik\/wp-json\/wp\/v2\/posts"}],"about":[{"href":"http:\/\/blogg.varldenidag.se\/musik\/wp-json\/wp\/v2\/types\/post"}],"author":[{"embeddable":true,"href":"http:\/\/blogg.varldenidag.se\/musik\/wp-json\/wp\/v2\/users\/15"}],"replies":[{"embeddable":true,"href":"http:\/\/blogg.varldenidag.se\/musik\/wp-json\/wp\/v2\/comments?post=7893"}],"version-history":[{"count":5,"href":"http:\/\/blogg.varldenidag.se\/musik\/wp-json\/wp\/v2\/posts\/7893\/revisions"}],"predecessor-version":[{"id":7919,"href":"http:\/\/blogg.varldenidag.se\/musik\/wp-json\/wp\/v2\/posts\/7893\/revisions\/7919"}],"wp:attachment":[{"href":"http:\/\/blogg.varldenidag.se\/musik\/wp-json\/wp\/v2\/media?parent=7893"}],"wp:term":[{"taxonomy":"category","embeddable":true,"href":"http:\/\/blogg.varldenidag.se\/musik\/wp-json\/wp\/v2\/categories?post=7893"},{"taxonomy":"post_tag","embeddable":true,"href":"http:\/\/blogg.varldenidag.se\/musik\/wp-json\/wp\/v2\/tags?post=7893"}],"curies":[{"name":"wp","href":"https:\/\/api.w.org\/{rel}","templated":true}]}}