{"id":7890,"date":"2024-02-12T00:58:28","date_gmt":"2024-02-11T23:58:28","guid":{"rendered":"http:\/\/blogg.varldenidag.se\/musik\/?p=7890"},"modified":"2024-01-30T15:35:41","modified_gmt":"2024-01-30T14:35:41","slug":"karlekens-egen-spellista","status":"publish","type":"post","link":"http:\/\/blogg.varldenidag.se\/musik\/karlekens-egen-spellista\/","title":{"rendered":"K\u00e4rlekens egen spellista!"},"content":{"rendered":"<p>Det \u00e4r snart dags f\u00f6r k\u00e4rlekens egen nationaldag \u2013 Alla hj\u00e4rtans dag! Vad passar d\u00e5 inte b\u00e4ttre \u00e4n en spellista med drypande k\u00e4rleksf\u00f6rklaringar och hj\u00e4rtv\u00e4rmande historier, fr\u00e5n en rad starka namn. Lyssna och dela med din favorit!<\/p>\n<div class=\"video-container\"><iframe title=\"Spotify Embed: Vibe Love\" style=\"border-radius: 12px\" width=\"100%\" height=\"352\" frameborder=\"0\" allowfullscreen allow=\"autoplay; clipboard-write; encrypted-media; fullscreen; picture-in-picture\" loading=\"lazy\" src=\"https:\/\/open.spotify.com\/embed\/playlist\/3iDo4FBqM7G9N5XCxhIhv4?si=d250b96fc74f4eb1&#038;utm_source=oembed\"><\/iframe><\/div>\n","protected":false},"excerpt":{"rendered":"<p>Det \u00e4r snart dags f\u00f6r k\u00e4rlekens egen nationaldag \u2013 Alla hj\u00e4rtans dag! Vad passar d\u00e5 inte b\u00e4ttre \u00e4n en spellista med drypande k\u00e4rleksf\u00f6rklaringar och hj\u00e4rtv\u00e4rmande historier, fr\u00e5n [&hellip;]<\/p>\n","protected":false},"author":15,"featured_media":0,"comment_status":"open","ping_status":"open","sticky":false,"template":"","format":"standard","meta":{"footnotes":"","_links_to":"","_links_to_target":""},"categories":[1],"tags":[],"class_list":["post-7890","post","type-post","status-publish","format-standard","hentry","category-musik"],"_links":{"self":[{"href":"http:\/\/blogg.varldenidag.se\/musik\/wp-json\/wp\/v2\/posts\/7890","targetHints":{"allow":["GET"]}}],"collection":[{"href":"http:\/\/blogg.varldenidag.se\/musik\/wp-json\/wp\/v2\/posts"}],"about":[{"href":"http:\/\/blogg.varldenidag.se\/musik\/wp-json\/wp\/v2\/types\/post"}],"author":[{"embeddable":true,"href":"http:\/\/blogg.varldenidag.se\/musik\/wp-json\/wp\/v2\/users\/15"}],"replies":[{"embeddable":true,"href":"http:\/\/blogg.varldenidag.se\/musik\/wp-json\/wp\/v2\/comments?post=7890"}],"version-history":[{"count":3,"href":"http:\/\/blogg.varldenidag.se\/musik\/wp-json\/wp\/v2\/posts\/7890\/revisions"}],"predecessor-version":[{"id":7912,"href":"http:\/\/blogg.varldenidag.se\/musik\/wp-json\/wp\/v2\/posts\/7890\/revisions\/7912"}],"wp:attachment":[{"href":"http:\/\/blogg.varldenidag.se\/musik\/wp-json\/wp\/v2\/media?parent=7890"}],"wp:term":[{"taxonomy":"category","embeddable":true,"href":"http:\/\/blogg.varldenidag.se\/musik\/wp-json\/wp\/v2\/categories?post=7890"},{"taxonomy":"post_tag","embeddable":true,"href":"http:\/\/blogg.varldenidag.se\/musik\/wp-json\/wp\/v2\/tags?post=7890"}],"curies":[{"name":"wp","href":"https:\/\/api.w.org\/{rel}","templated":true}]}}