{"id":7880,"date":"2024-02-05T00:23:48","date_gmt":"2024-02-04T23:23:48","guid":{"rendered":"http:\/\/blogg.varldenidag.se\/musik\/?p=7880"},"modified":"2024-01-30T15:34:11","modified_gmt":"2024-01-30T14:34:11","slug":"nytolkningen-av-karleken-segrar-beror","status":"publish","type":"post","link":"http:\/\/blogg.varldenidag.se\/musik\/nytolkningen-av-karleken-segrar-beror\/","title":{"rendered":"Nytolkningen av \u201dK\u00e4rleken segrar\u201d ber\u00f6r"},"content":{"rendered":"<p>Den drygt 40 \u00e5r gamla s\u00e5ngen \u201dK\u00e4rleken segrar\u201d var en av de s\u00e5nger som m\u00e5nga tittare fastnade f\u00f6r n\u00e4r\u00a0<strong>Martina M\u00f6ll\u00e5s\u00a0<\/strong>tolkade s\u00e5ngen i tv-programmet \u201dAlla tiders s\u00e5nger\u201d i h\u00f6stas. F\u00f6r att ge s\u00e5ngen ett nytt musikaliskt uttryckt j\u00e4mf\u00f6rt med originalversionen fr\u00e5n artisten\u00a0<strong>Charlotte,\u00a0<\/strong>har nu\u00a0<strong>Martina\u00a0<\/strong>sl\u00e4ppt sin tolkning av l\u00e5ten som singel.<\/p>\n<p>Det \u00e4r ingen tvekan om att det h\u00e4r \u00e4r en s\u00e5ng vars budskap \u00e4r sannerligen h\u00f6gaktuellt \u00e4ven 2024, och\u00a0<strong>Martina\u00a0<\/strong>tolkar s\u00e5ngen p\u00e5 ett finst\u00e4mt s\u00e4tt och ger den onekligen nytt liv f\u00f6r nu och m\u00e5nga \u00e5r fram\u00e5t.<\/p>\n<p><strong>Spotify-l\u00e4nk:\u00a0<\/strong><a href=\"https:\/\/open.spotify.com\/track\/1897TlxwpgmX6HU8rlrcaG?si=57dd992e8cea4bd6\">https:\/\/open.spotify.com\/track\/1897TlxwpgmX6HU8rlrcaG?si=57dd992e8cea4bd6<\/a><\/p>\n<div class=\"video-container\"><iframe loading=\"lazy\" title=\"Ka\u0308rleken Segrar\" width=\"500\" height=\"375\" src=\"https:\/\/www.youtube.com\/embed\/g9IJ5BPf_1I?feature=oembed\" frameborder=\"0\" allow=\"accelerometer; autoplay; clipboard-write; encrypted-media; gyroscope; picture-in-picture; web-share\" referrerpolicy=\"strict-origin-when-cross-origin\" allowfullscreen><\/iframe><\/div>\n","protected":false},"excerpt":{"rendered":"<p>Den drygt 40 \u00e5r gamla s\u00e5ngen \u201dK\u00e4rleken segrar\u201d var en av de s\u00e5nger som m\u00e5nga tittare fastnade f\u00f6r n\u00e4r\u00a0Martina M\u00f6ll\u00e5s\u00a0tolkade s\u00e5ngen i tv-programmet \u201dAlla tiders s\u00e5nger\u201d i [&hellip;]<\/p>\n","protected":false},"author":15,"featured_media":0,"comment_status":"open","ping_status":"open","sticky":false,"template":"","format":"standard","meta":{"footnotes":"","_links_to":"","_links_to_target":""},"categories":[1],"tags":[],"class_list":["post-7880","post","type-post","status-publish","format-standard","hentry","category-musik"],"_links":{"self":[{"href":"http:\/\/blogg.varldenidag.se\/musik\/wp-json\/wp\/v2\/posts\/7880","targetHints":{"allow":["GET"]}}],"collection":[{"href":"http:\/\/blogg.varldenidag.se\/musik\/wp-json\/wp\/v2\/posts"}],"about":[{"href":"http:\/\/blogg.varldenidag.se\/musik\/wp-json\/wp\/v2\/types\/post"}],"author":[{"embeddable":true,"href":"http:\/\/blogg.varldenidag.se\/musik\/wp-json\/wp\/v2\/users\/15"}],"replies":[{"embeddable":true,"href":"http:\/\/blogg.varldenidag.se\/musik\/wp-json\/wp\/v2\/comments?post=7880"}],"version-history":[{"count":2,"href":"http:\/\/blogg.varldenidag.se\/musik\/wp-json\/wp\/v2\/posts\/7880\/revisions"}],"predecessor-version":[{"id":7906,"href":"http:\/\/blogg.varldenidag.se\/musik\/wp-json\/wp\/v2\/posts\/7880\/revisions\/7906"}],"wp:attachment":[{"href":"http:\/\/blogg.varldenidag.se\/musik\/wp-json\/wp\/v2\/media?parent=7880"}],"wp:term":[{"taxonomy":"category","embeddable":true,"href":"http:\/\/blogg.varldenidag.se\/musik\/wp-json\/wp\/v2\/categories?post=7880"},{"taxonomy":"post_tag","embeddable":true,"href":"http:\/\/blogg.varldenidag.se\/musik\/wp-json\/wp\/v2\/tags?post=7880"}],"curies":[{"name":"wp","href":"https:\/\/api.w.org\/{rel}","templated":true}]}}