{"id":7878,"date":"2024-02-03T00:06:44","date_gmt":"2024-02-02T23:06:44","guid":{"rendered":"http:\/\/blogg.varldenidag.se\/musik\/?p=7878"},"modified":"2024-02-13T17:11:31","modified_gmt":"2024-02-13T16:11:31","slug":"soulig-lovsang-som-beror","status":"publish","type":"post","link":"http:\/\/blogg.varldenidag.se\/musik\/soulig-lovsang-som-beror\/","title":{"rendered":"Soulig lovs\u00e5ng som ber\u00f6r"},"content":{"rendered":"<p>En r\u00f6st och en innerlig k\u00e4rlekshyllning till Gud. Ja, doldisen\u00a0<strong>Stephen Willo\u00a0<\/strong>skapar rysningar och v\u00e4cker tankar med sin avkopplande men ber\u00f6rande l\u00e5t \u201d<em>River\u201d.\u00a0<\/em>En soulig lovs\u00e5ng, d\u00e4r det mesta \u00e4r bortkapat och avskalat \u2013 utom budskapet.<\/p>\n<div class=\"video-container\"><iframe title=\"Spotify Embed: river\" style=\"border-radius: 12px\" width=\"100%\" height=\"152\" frameborder=\"0\" allowfullscreen allow=\"autoplay; clipboard-write; encrypted-media; fullscreen; picture-in-picture\" loading=\"lazy\" src=\"https:\/\/open.spotify.com\/embed\/track\/4N31X9TKRZ3vHx4nC7WrFW?si=5a10fa4f0ad841ae&#038;utm_source=oembed\"><\/iframe><\/div>\n","protected":false},"excerpt":{"rendered":"<p>En r\u00f6st och en innerlig k\u00e4rlekshyllning till Gud. Ja, doldisen\u00a0Stephen Willo\u00a0skapar rysningar och v\u00e4cker tankar med sin avkopplande men ber\u00f6rande l\u00e5t \u201dRiver\u201d.\u00a0En soulig lovs\u00e5ng, d\u00e4r det mesta [&hellip;]<\/p>\n","protected":false},"author":15,"featured_media":0,"comment_status":"open","ping_status":"open","sticky":false,"template":"","format":"standard","meta":{"footnotes":"","_links_to":"","_links_to_target":""},"categories":[1],"tags":[],"class_list":["post-7878","post","type-post","status-publish","format-standard","hentry","category-musik"],"_links":{"self":[{"href":"http:\/\/blogg.varldenidag.se\/musik\/wp-json\/wp\/v2\/posts\/7878","targetHints":{"allow":["GET"]}}],"collection":[{"href":"http:\/\/blogg.varldenidag.se\/musik\/wp-json\/wp\/v2\/posts"}],"about":[{"href":"http:\/\/blogg.varldenidag.se\/musik\/wp-json\/wp\/v2\/types\/post"}],"author":[{"embeddable":true,"href":"http:\/\/blogg.varldenidag.se\/musik\/wp-json\/wp\/v2\/users\/15"}],"replies":[{"embeddable":true,"href":"http:\/\/blogg.varldenidag.se\/musik\/wp-json\/wp\/v2\/comments?post=7878"}],"version-history":[{"count":2,"href":"http:\/\/blogg.varldenidag.se\/musik\/wp-json\/wp\/v2\/posts\/7878\/revisions"}],"predecessor-version":[{"id":7905,"href":"http:\/\/blogg.varldenidag.se\/musik\/wp-json\/wp\/v2\/posts\/7878\/revisions\/7905"}],"wp:attachment":[{"href":"http:\/\/blogg.varldenidag.se\/musik\/wp-json\/wp\/v2\/media?parent=7878"}],"wp:term":[{"taxonomy":"category","embeddable":true,"href":"http:\/\/blogg.varldenidag.se\/musik\/wp-json\/wp\/v2\/categories?post=7878"},{"taxonomy":"post_tag","embeddable":true,"href":"http:\/\/blogg.varldenidag.se\/musik\/wp-json\/wp\/v2\/tags?post=7878"}],"curies":[{"name":"wp","href":"https:\/\/api.w.org\/{rel}","templated":true}]}}