{"id":7872,"date":"2024-01-28T00:26:06","date_gmt":"2024-01-27T23:26:06","guid":{"rendered":"http:\/\/blogg.varldenidag.se\/musik\/?p=7872"},"modified":"2024-01-30T15:31:50","modified_gmt":"2024-01-30T14:31:50","slug":"genialt-popverk-fran-orebro","status":"publish","type":"post","link":"http:\/\/blogg.varldenidag.se\/musik\/genialt-popverk-fran-orebro\/","title":{"rendered":"Genialt popverk fr\u00e5n \u00d6rebro"},"content":{"rendered":"<p>Fr\u00e5n hemstaden \u00d6rebro har musikern\u00a0<strong>Mats Dern\u00e1nd\u00a0<\/strong>de senaste \u00e5ren skapat sig en allt st\u00f6rre skara lyssnare och n\u00e5t ut med sina l\u00e5tar till tiotusentals, och till och med hundratusentals, lyssnare. Inte s\u00e5 konstigt egentligen \u2013 f\u00f6r hans poppiga verk har b\u00e5de en produktion och text som tilltalar.<\/p>\n<p>Den sprillans nya l\u00e5ten \u201d<em>You are not alone\u201d\u00a0<\/em>blir, bland annat tack vare en riktigt snygg produktion, till en l\u00e5t som fastnar b\u00e5de i spellistor och sinne! Missa inte.<\/p>\n<p><strong>Spotify-l\u00e4nk:\u00a0<\/strong><a href=\"https:\/\/open.spotify.com\/track\/6yjeTCrne6VeVkeNhLMcB2?si=1eff04cf01d14613\">https:\/\/open.spotify.com\/track\/6yjeTCrne6VeVkeNhLMcB2?si=1eff04cf01d14613<\/a><\/p>\n<div class=\"video-container\"><iframe loading=\"lazy\" title=\"You Are Not Alone\" width=\"500\" height=\"375\" src=\"https:\/\/www.youtube.com\/embed\/TXt0ZrVBePA?feature=oembed\" frameborder=\"0\" allow=\"accelerometer; autoplay; clipboard-write; encrypted-media; gyroscope; picture-in-picture; web-share\" referrerpolicy=\"strict-origin-when-cross-origin\" allowfullscreen><\/iframe><\/div>\n","protected":false},"excerpt":{"rendered":"<p>Fr\u00e5n hemstaden \u00d6rebro har musikern\u00a0Mats Dern\u00e1nd\u00a0de senaste \u00e5ren skapat sig en allt st\u00f6rre skara lyssnare och n\u00e5t ut med sina l\u00e5tar till tiotusentals, och till och med [&hellip;]<\/p>\n","protected":false},"author":15,"featured_media":0,"comment_status":"open","ping_status":"open","sticky":false,"template":"","format":"standard","meta":{"footnotes":"","_links_to":"","_links_to_target":""},"categories":[1],"tags":[],"class_list":["post-7872","post","type-post","status-publish","format-standard","hentry","category-musik"],"_links":{"self":[{"href":"http:\/\/blogg.varldenidag.se\/musik\/wp-json\/wp\/v2\/posts\/7872","targetHints":{"allow":["GET"]}}],"collection":[{"href":"http:\/\/blogg.varldenidag.se\/musik\/wp-json\/wp\/v2\/posts"}],"about":[{"href":"http:\/\/blogg.varldenidag.se\/musik\/wp-json\/wp\/v2\/types\/post"}],"author":[{"embeddable":true,"href":"http:\/\/blogg.varldenidag.se\/musik\/wp-json\/wp\/v2\/users\/15"}],"replies":[{"embeddable":true,"href":"http:\/\/blogg.varldenidag.se\/musik\/wp-json\/wp\/v2\/comments?post=7872"}],"version-history":[{"count":2,"href":"http:\/\/blogg.varldenidag.se\/musik\/wp-json\/wp\/v2\/posts\/7872\/revisions"}],"predecessor-version":[{"id":7902,"href":"http:\/\/blogg.varldenidag.se\/musik\/wp-json\/wp\/v2\/posts\/7872\/revisions\/7902"}],"wp:attachment":[{"href":"http:\/\/blogg.varldenidag.se\/musik\/wp-json\/wp\/v2\/media?parent=7872"}],"wp:term":[{"taxonomy":"category","embeddable":true,"href":"http:\/\/blogg.varldenidag.se\/musik\/wp-json\/wp\/v2\/categories?post=7872"},{"taxonomy":"post_tag","embeddable":true,"href":"http:\/\/blogg.varldenidag.se\/musik\/wp-json\/wp\/v2\/tags?post=7872"}],"curies":[{"name":"wp","href":"https:\/\/api.w.org\/{rel}","templated":true}]}}