{"id":7870,"date":"2024-01-26T00:19:23","date_gmt":"2024-01-25T23:19:23","guid":{"rendered":"http:\/\/blogg.varldenidag.se\/musik\/?p=7870"},"modified":"2024-01-30T15:31:22","modified_gmt":"2024-01-30T14:31:22","slug":"kearney-tillbaka-efter-tystnaden","status":"publish","type":"post","link":"http:\/\/blogg.varldenidag.se\/musik\/kearney-tillbaka-efter-tystnaden\/","title":{"rendered":"Kearney tillbaka efter tystnaden"},"content":{"rendered":"<p>Efter en tid med glesa sl\u00e4pp \u00e4r popsn\u00f6ret\u00a0<strong>Mat Kearney\u00a0<\/strong>tillbaka med nytt material, efter att ha hintat p\u00e5 sociala medier om att saker \u00e4r p\u00e5 v\u00e4g att sl\u00e4ppas. Hans nya \u201d<em>Headlights home\u201d\u00a0<\/em>\u00e4r en ganska klassisk\u00a0<strong>Kearney<\/strong>-l\u00e5t \u2013 en s\u00e5n d\u00e4r l\u00e5t som f\u00e5r oss att l\u00e4ngta efter att h\u00f6ja volymen, dra ner f\u00f6nstren och bara glida fram l\u00e4ngs b\u00f6ljande asfaltsv\u00e4gar en varm sommardag.<\/p>\n<p><strong>Spotify-l\u00e4nk:\u00a0<\/strong><a href=\"https:\/\/open.spotify.com\/track\/78QihiVMIIrE0Jy4lfwtYg?si=2f73c8ea5a274954\">https:\/\/open.spotify.com\/track\/78QihiVMIIrE0Jy4lfwtYg?si=2f73c8ea5a274954<\/a><\/p>\n<div class=\"video-container\"><iframe loading=\"lazy\" title=\"Headlights Home\" width=\"500\" height=\"375\" src=\"https:\/\/www.youtube.com\/embed\/yVHq8FCxn3k?feature=oembed\" frameborder=\"0\" allow=\"accelerometer; autoplay; clipboard-write; encrypted-media; gyroscope; picture-in-picture; web-share\" referrerpolicy=\"strict-origin-when-cross-origin\" allowfullscreen><\/iframe><\/div>\n","protected":false},"excerpt":{"rendered":"<p>Efter en tid med glesa sl\u00e4pp \u00e4r popsn\u00f6ret\u00a0Mat Kearney\u00a0tillbaka med nytt material, efter att ha hintat p\u00e5 sociala medier om att saker \u00e4r p\u00e5 v\u00e4g att sl\u00e4ppas. [&hellip;]<\/p>\n","protected":false},"author":15,"featured_media":0,"comment_status":"open","ping_status":"open","sticky":false,"template":"","format":"standard","meta":{"footnotes":"","_links_to":"","_links_to_target":""},"categories":[1],"tags":[],"class_list":["post-7870","post","type-post","status-publish","format-standard","hentry","category-musik"],"_links":{"self":[{"href":"http:\/\/blogg.varldenidag.se\/musik\/wp-json\/wp\/v2\/posts\/7870","targetHints":{"allow":["GET"]}}],"collection":[{"href":"http:\/\/blogg.varldenidag.se\/musik\/wp-json\/wp\/v2\/posts"}],"about":[{"href":"http:\/\/blogg.varldenidag.se\/musik\/wp-json\/wp\/v2\/types\/post"}],"author":[{"embeddable":true,"href":"http:\/\/blogg.varldenidag.se\/musik\/wp-json\/wp\/v2\/users\/15"}],"replies":[{"embeddable":true,"href":"http:\/\/blogg.varldenidag.se\/musik\/wp-json\/wp\/v2\/comments?post=7870"}],"version-history":[{"count":3,"href":"http:\/\/blogg.varldenidag.se\/musik\/wp-json\/wp\/v2\/posts\/7870\/revisions"}],"predecessor-version":[{"id":7901,"href":"http:\/\/blogg.varldenidag.se\/musik\/wp-json\/wp\/v2\/posts\/7870\/revisions\/7901"}],"wp:attachment":[{"href":"http:\/\/blogg.varldenidag.se\/musik\/wp-json\/wp\/v2\/media?parent=7870"}],"wp:term":[{"taxonomy":"category","embeddable":true,"href":"http:\/\/blogg.varldenidag.se\/musik\/wp-json\/wp\/v2\/categories?post=7870"},{"taxonomy":"post_tag","embeddable":true,"href":"http:\/\/blogg.varldenidag.se\/musik\/wp-json\/wp\/v2\/tags?post=7870"}],"curies":[{"name":"wp","href":"https:\/\/api.w.org\/{rel}","templated":true}]}}