{"id":7868,"date":"2024-01-24T00:40:53","date_gmt":"2024-01-23T23:40:53","guid":{"rendered":"http:\/\/blogg.varldenidag.se\/musik\/?p=7868"},"modified":"2024-01-30T15:30:40","modified_gmt":"2024-01-30T14:30:40","slug":"det-gloder-om-camp","status":"publish","type":"post","link":"http:\/\/blogg.varldenidag.se\/musik\/det-gloder-om-camp\/","title":{"rendered":"Det gl\u00f6der om Camp!"},"content":{"rendered":"<p>Det gl\u00f6der om\u00a0<strong>Jeremy Camp\u00a0<\/strong>n\u00e4r han rivstartar musik\u00e5ret 2024 med en helt ny singel. Hitfabrik\u00f6ren\u00a0<strong>Camp\u00a0<\/strong>brukar g\u00f6ra l\u00e5tar med eget uttryck och som s\u00e4tter sig i skallen, och s\u00e5 \u00e4r det \u00e4ven med denna nya singel \u201d<em>These days\u201d<\/em>\u00a0om att leva och verka i precis r\u00e4tt tid som det \u00e4r t\u00e4nkt.<\/p>\n<p>T\u00e4nkv\u00e4rda textrader och en tilltalande musikalisk f\u00f6rpackning g\u00f6r att det h\u00e4r etsar sig fast!<\/p>\n<p><strong>Spotify-l\u00e4nk:\u00a0<\/strong><a href=\"https:\/\/open.spotify.com\/track\/5PUBJPYmfLySB5kow45xhN?si=7063ca52b4b14dac\">https:\/\/open.spotify.com\/track\/5PUBJPYmfLySB5kow45xhN?si=7063ca52b4b14dac<\/a><\/p>\n<div class=\"video-container\"><iframe loading=\"lazy\" title=\"Jeremy Camp - These Days (Lyric Video)\" width=\"500\" height=\"281\" src=\"https:\/\/www.youtube.com\/embed\/0qXn2I449qs?feature=oembed\" frameborder=\"0\" allow=\"accelerometer; autoplay; clipboard-write; encrypted-media; gyroscope; picture-in-picture; web-share\" referrerpolicy=\"strict-origin-when-cross-origin\" allowfullscreen><\/iframe><\/div>\n","protected":false},"excerpt":{"rendered":"<p>Det gl\u00f6der om\u00a0Jeremy Camp\u00a0n\u00e4r han rivstartar musik\u00e5ret 2024 med en helt ny singel. Hitfabrik\u00f6ren\u00a0Camp\u00a0brukar g\u00f6ra l\u00e5tar med eget uttryck och som s\u00e4tter sig i skallen, och s\u00e5 [&hellip;]<\/p>\n","protected":false},"author":15,"featured_media":0,"comment_status":"open","ping_status":"open","sticky":false,"template":"","format":"standard","meta":{"footnotes":"","_links_to":"","_links_to_target":""},"categories":[1],"tags":[],"class_list":["post-7868","post","type-post","status-publish","format-standard","hentry","category-musik"],"_links":{"self":[{"href":"http:\/\/blogg.varldenidag.se\/musik\/wp-json\/wp\/v2\/posts\/7868","targetHints":{"allow":["GET"]}}],"collection":[{"href":"http:\/\/blogg.varldenidag.se\/musik\/wp-json\/wp\/v2\/posts"}],"about":[{"href":"http:\/\/blogg.varldenidag.se\/musik\/wp-json\/wp\/v2\/types\/post"}],"author":[{"embeddable":true,"href":"http:\/\/blogg.varldenidag.se\/musik\/wp-json\/wp\/v2\/users\/15"}],"replies":[{"embeddable":true,"href":"http:\/\/blogg.varldenidag.se\/musik\/wp-json\/wp\/v2\/comments?post=7868"}],"version-history":[{"count":2,"href":"http:\/\/blogg.varldenidag.se\/musik\/wp-json\/wp\/v2\/posts\/7868\/revisions"}],"predecessor-version":[{"id":7899,"href":"http:\/\/blogg.varldenidag.se\/musik\/wp-json\/wp\/v2\/posts\/7868\/revisions\/7899"}],"wp:attachment":[{"href":"http:\/\/blogg.varldenidag.se\/musik\/wp-json\/wp\/v2\/media?parent=7868"}],"wp:term":[{"taxonomy":"category","embeddable":true,"href":"http:\/\/blogg.varldenidag.se\/musik\/wp-json\/wp\/v2\/categories?post=7868"},{"taxonomy":"post_tag","embeddable":true,"href":"http:\/\/blogg.varldenidag.se\/musik\/wp-json\/wp\/v2\/tags?post=7868"}],"curies":[{"name":"wp","href":"https:\/\/api.w.org\/{rel}","templated":true}]}}