{"id":7866,"date":"2024-01-22T00:33:57","date_gmt":"2024-01-21T23:33:57","guid":{"rendered":"http:\/\/blogg.varldenidag.se\/musik\/?p=7866"},"modified":"2024-01-30T15:29:51","modified_gmt":"2024-01-30T14:29:51","slug":"urstark-ny-svensk-skiva-fran-paul-biktor-borjesson","status":"publish","type":"post","link":"http:\/\/blogg.varldenidag.se\/musik\/urstark-ny-svensk-skiva-fran-paul-biktor-borjesson\/","title":{"rendered":"Urstark ny svensk skiva fr\u00e5n Paul Biktor B\u00f6rjesson"},"content":{"rendered":"<p>Det \u00e4r alltid en sp\u00e4nnande upplevelse att ta sig an V\u00e4nersborgsmusikern <strong>Paul Biktor B\u00f6rjesson<\/strong> och hans musik. Tilltalet \u00e4r enkelt och tilltalande, samtidigt som det finns djupaste djup i texterna. Precis s\u00e5 \u00e4r det p\u00e5 splitternya albumet \u201d<em>F\u00f6r en tid som den h\u00e4r\u201d.\u00a0<\/em>H\u00e4r har <strong>Paul<\/strong> packat b\u00e5de lovs\u00e5ng, hymner, pop och blues, och skapar en skiva som man genast vill h\u00f6ra om och om.<\/p>\n<p>Det finns s\u00e5 m\u00e5nga l\u00e5tar som f\u00f6rtj\u00e4nar att plockas fram p\u00e5 den h\u00e4r skivan, l\u00e5tar som har potentialen att rota sig rakt in i hj\u00e4rtat. Vi v\u00e4ljer ut en av v\u00e5ra favoriter som tips h\u00e4r: den ljuvliga, hoppfulla och medryckande \u201d<em>Du sliter s\u00f6nder v\u00e5ra band\u201d, <\/em>ett av flera sp\u00e5r d\u00e4r hans hemf\u00f6rsamling Salem Varg\u00f6n medverkar.<\/p>\n<p>Missa f\u00f6r allt i v\u00e4rlden inte att lyssna p\u00e5 HELA den h\u00e4r skivan!<\/p>\n<p><strong>Spotify-l\u00e4nk:\u00a0<\/strong><a href=\"https:\/\/open.spotify.com\/track\/7LBdLdrlh6vWeXyddW8DO9?si=f720edef1b864ecd\">https:\/\/open.spotify.com\/track\/7LBdLdrlh6vWeXyddW8DO9?si=f720edef1b864ecd<\/a><\/p>\n<div class=\"video-container\"><iframe loading=\"lazy\" title=\"Du sliter so\u0308nder va\u030ara band\" width=\"500\" height=\"375\" src=\"https:\/\/www.youtube.com\/embed\/FiKZ3BaDYpM?feature=oembed\" frameborder=\"0\" allow=\"accelerometer; autoplay; clipboard-write; encrypted-media; gyroscope; picture-in-picture; web-share\" referrerpolicy=\"strict-origin-when-cross-origin\" allowfullscreen><\/iframe><\/div>\n","protected":false},"excerpt":{"rendered":"<p>Det \u00e4r alltid en sp\u00e4nnande upplevelse att ta sig an V\u00e4nersborgsmusikern Paul Biktor B\u00f6rjesson och hans musik. Tilltalet \u00e4r enkelt och tilltalande, samtidigt som det finns djupaste [&hellip;]<\/p>\n","protected":false},"author":15,"featured_media":0,"comment_status":"open","ping_status":"open","sticky":false,"template":"","format":"standard","meta":{"footnotes":"","_links_to":"","_links_to_target":""},"categories":[1],"tags":[],"class_list":["post-7866","post","type-post","status-publish","format-standard","hentry","category-musik"],"_links":{"self":[{"href":"http:\/\/blogg.varldenidag.se\/musik\/wp-json\/wp\/v2\/posts\/7866","targetHints":{"allow":["GET"]}}],"collection":[{"href":"http:\/\/blogg.varldenidag.se\/musik\/wp-json\/wp\/v2\/posts"}],"about":[{"href":"http:\/\/blogg.varldenidag.se\/musik\/wp-json\/wp\/v2\/types\/post"}],"author":[{"embeddable":true,"href":"http:\/\/blogg.varldenidag.se\/musik\/wp-json\/wp\/v2\/users\/15"}],"replies":[{"embeddable":true,"href":"http:\/\/blogg.varldenidag.se\/musik\/wp-json\/wp\/v2\/comments?post=7866"}],"version-history":[{"count":2,"href":"http:\/\/blogg.varldenidag.se\/musik\/wp-json\/wp\/v2\/posts\/7866\/revisions"}],"predecessor-version":[{"id":7898,"href":"http:\/\/blogg.varldenidag.se\/musik\/wp-json\/wp\/v2\/posts\/7866\/revisions\/7898"}],"wp:attachment":[{"href":"http:\/\/blogg.varldenidag.se\/musik\/wp-json\/wp\/v2\/media?parent=7866"}],"wp:term":[{"taxonomy":"category","embeddable":true,"href":"http:\/\/blogg.varldenidag.se\/musik\/wp-json\/wp\/v2\/categories?post=7866"},{"taxonomy":"post_tag","embeddable":true,"href":"http:\/\/blogg.varldenidag.se\/musik\/wp-json\/wp\/v2\/tags?post=7866"}],"curies":[{"name":"wp","href":"https:\/\/api.w.org\/{rel}","templated":true}]}}