{"id":7829,"date":"2023-12-30T00:51:36","date_gmt":"2023-12-29T23:51:36","guid":{"rendered":"http:\/\/blogg.varldenidag.se\/musik\/?p=7829"},"modified":"2023-12-11T18:54:20","modified_gmt":"2023-12-11T17:54:20","slug":"topp-23-2023-plats-2","status":"publish","type":"post","link":"http:\/\/blogg.varldenidag.se\/musik\/topp-23-2023-plats-2\/","title":{"rendered":"Topp 23 2023: Plats 2"},"content":{"rendered":"<p><strong>Plats 2: Lauren Daigle \u2013 \u201dTurbulent Skies\u201d<\/strong><\/p>\n<p>Det \u00e4r knappast en skr\u00e4ll att en av den kristna superstj\u00e4rnan <strong>Lauren Daigles\u00a0<\/strong>dubbelskiva fr\u00e5n \u00e5ret skulle ta sig in i en sammanst\u00e4llning \u00f6ver \u00e5rets b\u00e4sta l\u00e5tar. \u00c4nd\u00e5 var det sm\u00e5tt om\u00f6jligt uppdrag att v\u00e4lja vilken av l\u00e5tarna \u201dTo know me\u201d och denna \u201dTurbulent Skies\u201d som skulle representera henne \u2013 men till slut faller valet p\u00e5 den lite udda f\u00e5geln och den grandiost storslagna \u201dTurbulent Skies\u201d.<\/p>\n<p>Dess hamrande toner sl\u00e5r sig rakt in i hj\u00e4rteroten \u2013 och vi \u00e4lskar&#8217;t!<\/p>\n<div class=\"video-container\"><iframe loading=\"lazy\" title=\"Lauren Daigle - Turbulent Skies (Official Lyric Video)\" width=\"500\" height=\"281\" src=\"https:\/\/www.youtube.com\/embed\/jbbSfykWSmE?feature=oembed\" frameborder=\"0\" allow=\"accelerometer; autoplay; clipboard-write; encrypted-media; gyroscope; picture-in-picture; web-share\" referrerpolicy=\"strict-origin-when-cross-origin\" allowfullscreen><\/iframe><\/div>\n","protected":false},"excerpt":{"rendered":"<p>Plats 2: Lauren Daigle \u2013 \u201dTurbulent Skies\u201d Det \u00e4r knappast en skr\u00e4ll att en av den kristna superstj\u00e4rnan Lauren Daigles\u00a0dubbelskiva fr\u00e5n \u00e5ret skulle ta sig in i [&hellip;]<\/p>\n","protected":false},"author":15,"featured_media":0,"comment_status":"open","ping_status":"open","sticky":false,"template":"","format":"standard","meta":{"footnotes":"","_links_to":"","_links_to_target":""},"categories":[1],"tags":[],"class_list":["post-7829","post","type-post","status-publish","format-standard","hentry","category-musik"],"_links":{"self":[{"href":"http:\/\/blogg.varldenidag.se\/musik\/wp-json\/wp\/v2\/posts\/7829","targetHints":{"allow":["GET"]}}],"collection":[{"href":"http:\/\/blogg.varldenidag.se\/musik\/wp-json\/wp\/v2\/posts"}],"about":[{"href":"http:\/\/blogg.varldenidag.se\/musik\/wp-json\/wp\/v2\/types\/post"}],"author":[{"embeddable":true,"href":"http:\/\/blogg.varldenidag.se\/musik\/wp-json\/wp\/v2\/users\/15"}],"replies":[{"embeddable":true,"href":"http:\/\/blogg.varldenidag.se\/musik\/wp-json\/wp\/v2\/comments?post=7829"}],"version-history":[{"count":1,"href":"http:\/\/blogg.varldenidag.se\/musik\/wp-json\/wp\/v2\/posts\/7829\/revisions"}],"predecessor-version":[{"id":7830,"href":"http:\/\/blogg.varldenidag.se\/musik\/wp-json\/wp\/v2\/posts\/7829\/revisions\/7830"}],"wp:attachment":[{"href":"http:\/\/blogg.varldenidag.se\/musik\/wp-json\/wp\/v2\/media?parent=7829"}],"wp:term":[{"taxonomy":"category","embeddable":true,"href":"http:\/\/blogg.varldenidag.se\/musik\/wp-json\/wp\/v2\/categories?post=7829"},{"taxonomy":"post_tag","embeddable":true,"href":"http:\/\/blogg.varldenidag.se\/musik\/wp-json\/wp\/v2\/tags?post=7829"}],"curies":[{"name":"wp","href":"https:\/\/api.w.org\/{rel}","templated":true}]}}