{"id":7825,"date":"2023-12-28T00:44:29","date_gmt":"2023-12-27T23:44:29","guid":{"rendered":"http:\/\/blogg.varldenidag.se\/musik\/?p=7825"},"modified":"2023-12-11T18:44:50","modified_gmt":"2023-12-11T17:44:50","slug":"topp-23-2023-plats-4","status":"publish","type":"post","link":"http:\/\/blogg.varldenidag.se\/musik\/topp-23-2023-plats-4\/","title":{"rendered":"Topp 23 2023: Plats 4"},"content":{"rendered":"<p><strong>Plats 4: Paul Zach \u2013 \u201dBeautiful World\u201d<\/strong><\/p>\n<p>Det \u00e4r n\u00e5got helt oemotst\u00e5ndligt med den h\u00e4r l\u00e5ten, som fick oss att spela den varm fr\u00e5n att den sl\u00e4pptes, \u00f6ver hela sommaren och in i h\u00f6sten. Oavsett tidpunkt eller stund, s\u00e5 sprider den h\u00e4r l\u00e5ten en rej\u00e4l dos gl\u00e4dje! Gitarrbaserad gladpop, och ett lika glatt budskap, symboliserar den h\u00e4r l\u00e5ten \u2013 en av \u00e5rets allra b\u00e4sta verk!<\/p>\n<div class=\"video-container\"><iframe loading=\"lazy\" title=\"Beautiful World\" width=\"500\" height=\"375\" src=\"https:\/\/www.youtube.com\/embed\/V74v5i8fKYM?feature=oembed\" frameborder=\"0\" allow=\"accelerometer; autoplay; clipboard-write; encrypted-media; gyroscope; picture-in-picture; web-share\" referrerpolicy=\"strict-origin-when-cross-origin\" allowfullscreen><\/iframe><\/div>\n","protected":false},"excerpt":{"rendered":"<p>Plats 4: Paul Zach \u2013 \u201dBeautiful World\u201d Det \u00e4r n\u00e5got helt oemotst\u00e5ndligt med den h\u00e4r l\u00e5ten, som fick oss att spela den varm fr\u00e5n att den sl\u00e4pptes, [&hellip;]<\/p>\n","protected":false},"author":15,"featured_media":0,"comment_status":"open","ping_status":"open","sticky":false,"template":"","format":"standard","meta":{"footnotes":"","_links_to":"","_links_to_target":""},"categories":[1],"tags":[],"class_list":["post-7825","post","type-post","status-publish","format-standard","hentry","category-musik"],"_links":{"self":[{"href":"http:\/\/blogg.varldenidag.se\/musik\/wp-json\/wp\/v2\/posts\/7825","targetHints":{"allow":["GET"]}}],"collection":[{"href":"http:\/\/blogg.varldenidag.se\/musik\/wp-json\/wp\/v2\/posts"}],"about":[{"href":"http:\/\/blogg.varldenidag.se\/musik\/wp-json\/wp\/v2\/types\/post"}],"author":[{"embeddable":true,"href":"http:\/\/blogg.varldenidag.se\/musik\/wp-json\/wp\/v2\/users\/15"}],"replies":[{"embeddable":true,"href":"http:\/\/blogg.varldenidag.se\/musik\/wp-json\/wp\/v2\/comments?post=7825"}],"version-history":[{"count":1,"href":"http:\/\/blogg.varldenidag.se\/musik\/wp-json\/wp\/v2\/posts\/7825\/revisions"}],"predecessor-version":[{"id":7826,"href":"http:\/\/blogg.varldenidag.se\/musik\/wp-json\/wp\/v2\/posts\/7825\/revisions\/7826"}],"wp:attachment":[{"href":"http:\/\/blogg.varldenidag.se\/musik\/wp-json\/wp\/v2\/media?parent=7825"}],"wp:term":[{"taxonomy":"category","embeddable":true,"href":"http:\/\/blogg.varldenidag.se\/musik\/wp-json\/wp\/v2\/categories?post=7825"},{"taxonomy":"post_tag","embeddable":true,"href":"http:\/\/blogg.varldenidag.se\/musik\/wp-json\/wp\/v2\/tags?post=7825"}],"curies":[{"name":"wp","href":"https:\/\/api.w.org\/{rel}","templated":true}]}}