{"id":7823,"date":"2023-12-27T00:37:39","date_gmt":"2023-12-26T23:37:39","guid":{"rendered":"http:\/\/blogg.varldenidag.se\/musik\/?p=7823"},"modified":"2023-12-13T12:52:31","modified_gmt":"2023-12-13T11:52:31","slug":"topp-23-2023-plats-5","status":"publish","type":"post","link":"http:\/\/blogg.varldenidag.se\/musik\/topp-23-2023-plats-5\/","title":{"rendered":"Topp 23 2023: Plats 5"},"content":{"rendered":"<p><strong>Plats 5: Kristian Mecha \u2013 \u201dAlpha &amp; Omega\u201d<\/strong><\/p>\n<p>Rakt in p\u00e5 plats 5 sl\u00e5r sig S\u00f6dert\u00e4ljeartisten <strong>Kristian Mecha,\u00a0<\/strong>som genom det dessutom blir \u00e5rets h\u00f6gsta placerade svenska artist! Men s\u00e5 var hans underbara d\u00e4nga \u201d<em>Alpha &amp; Omega&#8221;\u00a0<\/em>ocks\u00e5 n\u00e5got utomordentligt bra, som tycktes bos\u00e4tta sig inne i v\u00e5ra h\u00f6rselg\u00e5ngar under \u00e5ret. K\u00e4nsla, klister och budskap samsas med varandra i sk\u00f6n harmoni, i en av de d\u00e4r l\u00e5tarna som gjort st\u00f6rst avtryck under 2023!<\/p>\n<div class=\"video-container\"><iframe loading=\"lazy\" title=\"Alpha &amp; Omega\" width=\"500\" height=\"375\" src=\"https:\/\/www.youtube.com\/embed\/Q5nPcQ1Ixg4?feature=oembed\" frameborder=\"0\" allow=\"accelerometer; autoplay; clipboard-write; encrypted-media; gyroscope; picture-in-picture; web-share\" referrerpolicy=\"strict-origin-when-cross-origin\" allowfullscreen><\/iframe><\/div>\n","protected":false},"excerpt":{"rendered":"<p>Plats 5: Kristian Mecha \u2013 \u201dAlpha &amp; Omega\u201d Rakt in p\u00e5 plats 5 sl\u00e5r sig S\u00f6dert\u00e4ljeartisten Kristian Mecha,\u00a0som genom det dessutom blir \u00e5rets h\u00f6gsta placerade svenska artist! [&hellip;]<\/p>\n","protected":false},"author":15,"featured_media":0,"comment_status":"open","ping_status":"open","sticky":false,"template":"","format":"standard","meta":{"footnotes":"","_links_to":"","_links_to_target":""},"categories":[1],"tags":[],"class_list":["post-7823","post","type-post","status-publish","format-standard","hentry","category-musik"],"_links":{"self":[{"href":"http:\/\/blogg.varldenidag.se\/musik\/wp-json\/wp\/v2\/posts\/7823","targetHints":{"allow":["GET"]}}],"collection":[{"href":"http:\/\/blogg.varldenidag.se\/musik\/wp-json\/wp\/v2\/posts"}],"about":[{"href":"http:\/\/blogg.varldenidag.se\/musik\/wp-json\/wp\/v2\/types\/post"}],"author":[{"embeddable":true,"href":"http:\/\/blogg.varldenidag.se\/musik\/wp-json\/wp\/v2\/users\/15"}],"replies":[{"embeddable":true,"href":"http:\/\/blogg.varldenidag.se\/musik\/wp-json\/wp\/v2\/comments?post=7823"}],"version-history":[{"count":2,"href":"http:\/\/blogg.varldenidag.se\/musik\/wp-json\/wp\/v2\/posts\/7823\/revisions"}],"predecessor-version":[{"id":7856,"href":"http:\/\/blogg.varldenidag.se\/musik\/wp-json\/wp\/v2\/posts\/7823\/revisions\/7856"}],"wp:attachment":[{"href":"http:\/\/blogg.varldenidag.se\/musik\/wp-json\/wp\/v2\/media?parent=7823"}],"wp:term":[{"taxonomy":"category","embeddable":true,"href":"http:\/\/blogg.varldenidag.se\/musik\/wp-json\/wp\/v2\/categories?post=7823"},{"taxonomy":"post_tag","embeddable":true,"href":"http:\/\/blogg.varldenidag.se\/musik\/wp-json\/wp\/v2\/tags?post=7823"}],"curies":[{"name":"wp","href":"https:\/\/api.w.org\/{rel}","templated":true}]}}