{"id":7821,"date":"2023-12-26T00:35:17","date_gmt":"2023-12-25T23:35:17","guid":{"rendered":"http:\/\/blogg.varldenidag.se\/musik\/?p=7821"},"modified":"2023-12-13T12:52:04","modified_gmt":"2023-12-13T11:52:04","slug":"topp-23-2023-plats-6","status":"publish","type":"post","link":"http:\/\/blogg.varldenidag.se\/musik\/topp-23-2023-plats-6\/","title":{"rendered":"Topp 23 2023: Plats 6"},"content":{"rendered":"<p><strong>Plats 6: Jubilee Worship \u2013 \u201dTestimony\u201d<\/strong><\/p>\n<p>Chicagobaserade\u00a0<strong>Jubilee Worship\u00a0<\/strong>m\u00e5 vara lite av ett doldisg\u00e4ng, men med den h\u00e4r l\u00e5ten gick det inte att g\u00f6ra annat \u00e4n att lyssna om och om och om. Hela \u00e5ret l\u00e5ngt. F\u00f6r \u201dTestimony\u201d har n\u00e5got speciellt, som musikaliskt r\u00f6r sig i\u00a0<strong>Maverick City Music-<\/strong>doftande kvarter, i gospelns gr\u00e4nsland och p\u00e5 lovs\u00e5ngens gator. En l\u00e5t som \u00e4r sv\u00e5r att tr\u00f6ttna p\u00e5, och som sprider b\u00e5de gl\u00e4dje och hopp!<\/p>\n<div class=\"video-container\"><iframe loading=\"lazy\" title=\"Testimony (feat. Phil Thompson &amp; Kymberli Joye)\" width=\"500\" height=\"375\" src=\"https:\/\/www.youtube.com\/embed\/FadQT9_a2Qo?feature=oembed\" frameborder=\"0\" allow=\"accelerometer; autoplay; clipboard-write; encrypted-media; gyroscope; picture-in-picture; web-share\" referrerpolicy=\"strict-origin-when-cross-origin\" allowfullscreen><\/iframe><\/div>\n","protected":false},"excerpt":{"rendered":"<p>Plats 6: Jubilee Worship \u2013 \u201dTestimony\u201d Chicagobaserade\u00a0Jubilee Worship\u00a0m\u00e5 vara lite av ett doldisg\u00e4ng, men med den h\u00e4r l\u00e5ten gick det inte att g\u00f6ra annat \u00e4n att lyssna [&hellip;]<\/p>\n","protected":false},"author":15,"featured_media":0,"comment_status":"open","ping_status":"open","sticky":false,"template":"","format":"standard","meta":{"footnotes":"","_links_to":"","_links_to_target":""},"categories":[1],"tags":[],"class_list":["post-7821","post","type-post","status-publish","format-standard","hentry","category-musik"],"_links":{"self":[{"href":"http:\/\/blogg.varldenidag.se\/musik\/wp-json\/wp\/v2\/posts\/7821","targetHints":{"allow":["GET"]}}],"collection":[{"href":"http:\/\/blogg.varldenidag.se\/musik\/wp-json\/wp\/v2\/posts"}],"about":[{"href":"http:\/\/blogg.varldenidag.se\/musik\/wp-json\/wp\/v2\/types\/post"}],"author":[{"embeddable":true,"href":"http:\/\/blogg.varldenidag.se\/musik\/wp-json\/wp\/v2\/users\/15"}],"replies":[{"embeddable":true,"href":"http:\/\/blogg.varldenidag.se\/musik\/wp-json\/wp\/v2\/comments?post=7821"}],"version-history":[{"count":2,"href":"http:\/\/blogg.varldenidag.se\/musik\/wp-json\/wp\/v2\/posts\/7821\/revisions"}],"predecessor-version":[{"id":7855,"href":"http:\/\/blogg.varldenidag.se\/musik\/wp-json\/wp\/v2\/posts\/7821\/revisions\/7855"}],"wp:attachment":[{"href":"http:\/\/blogg.varldenidag.se\/musik\/wp-json\/wp\/v2\/media?parent=7821"}],"wp:term":[{"taxonomy":"category","embeddable":true,"href":"http:\/\/blogg.varldenidag.se\/musik\/wp-json\/wp\/v2\/categories?post=7821"},{"taxonomy":"post_tag","embeddable":true,"href":"http:\/\/blogg.varldenidag.se\/musik\/wp-json\/wp\/v2\/tags?post=7821"}],"curies":[{"name":"wp","href":"https:\/\/api.w.org\/{rel}","templated":true}]}}