{"id":7815,"date":"2023-12-23T00:42:25","date_gmt":"2023-12-22T23:42:25","guid":{"rendered":"http:\/\/blogg.varldenidag.se\/musik\/?p=7815"},"modified":"2023-12-13T12:49:51","modified_gmt":"2023-12-13T11:49:51","slug":"topp-23-2023-plats-9","status":"publish","type":"post","link":"http:\/\/blogg.varldenidag.se\/musik\/topp-23-2023-plats-9\/","title":{"rendered":"Topp 23 2023: Plats 9"},"content":{"rendered":"<p><strong>Plats 9: Oscar Hult \u2013 \u201dHj\u00e4rta, luft och kraft (remix)\u201d<\/strong><\/p>\n<p>Redan originall\u00e5ten var bra, men n\u00e4r alltid duktige\u00a0<strong>Oscar Hult\u00a0<\/strong>remixar sig sj\u00e4lv s\u00e5 skapar han en l\u00e5t som b\u00e4r honom \u00e4nda till plats 9 p\u00e5 denna nedr\u00e4kning! En modern och snygg produktion som f\u00e5ngade b\u00e5de hj\u00e4rta, \u00f6ron och sj\u00e4l p\u00e5 ett utm\u00e4rkt s\u00e4tt under 2023.<\/p>\n<div class=\"video-container\"><iframe loading=\"lazy\" title=\"Hj\u00e4rta, Luft Och Kraft (Remix)\" width=\"500\" height=\"375\" src=\"https:\/\/www.youtube.com\/embed\/q972Y18KOqA?feature=oembed\" frameborder=\"0\" allow=\"accelerometer; autoplay; clipboard-write; encrypted-media; gyroscope; picture-in-picture; web-share\" referrerpolicy=\"strict-origin-when-cross-origin\" allowfullscreen><\/iframe><\/div>\n","protected":false},"excerpt":{"rendered":"<p>Plats 9: Oscar Hult \u2013 \u201dHj\u00e4rta, luft och kraft (remix)\u201d Redan originall\u00e5ten var bra, men n\u00e4r alltid duktige\u00a0Oscar Hult\u00a0remixar sig sj\u00e4lv s\u00e5 skapar han en l\u00e5t som [&hellip;]<\/p>\n","protected":false},"author":15,"featured_media":0,"comment_status":"open","ping_status":"open","sticky":false,"template":"","format":"standard","meta":{"footnotes":"","_links_to":"","_links_to_target":""},"categories":[1],"tags":[],"class_list":["post-7815","post","type-post","status-publish","format-standard","hentry","category-musik"],"_links":{"self":[{"href":"http:\/\/blogg.varldenidag.se\/musik\/wp-json\/wp\/v2\/posts\/7815","targetHints":{"allow":["GET"]}}],"collection":[{"href":"http:\/\/blogg.varldenidag.se\/musik\/wp-json\/wp\/v2\/posts"}],"about":[{"href":"http:\/\/blogg.varldenidag.se\/musik\/wp-json\/wp\/v2\/types\/post"}],"author":[{"embeddable":true,"href":"http:\/\/blogg.varldenidag.se\/musik\/wp-json\/wp\/v2\/users\/15"}],"replies":[{"embeddable":true,"href":"http:\/\/blogg.varldenidag.se\/musik\/wp-json\/wp\/v2\/comments?post=7815"}],"version-history":[{"count":2,"href":"http:\/\/blogg.varldenidag.se\/musik\/wp-json\/wp\/v2\/posts\/7815\/revisions"}],"predecessor-version":[{"id":7852,"href":"http:\/\/blogg.varldenidag.se\/musik\/wp-json\/wp\/v2\/posts\/7815\/revisions\/7852"}],"wp:attachment":[{"href":"http:\/\/blogg.varldenidag.se\/musik\/wp-json\/wp\/v2\/media?parent=7815"}],"wp:term":[{"taxonomy":"category","embeddable":true,"href":"http:\/\/blogg.varldenidag.se\/musik\/wp-json\/wp\/v2\/categories?post=7815"},{"taxonomy":"post_tag","embeddable":true,"href":"http:\/\/blogg.varldenidag.se\/musik\/wp-json\/wp\/v2\/tags?post=7815"}],"curies":[{"name":"wp","href":"https:\/\/api.w.org\/{rel}","templated":true}]}}