{"id":7813,"date":"2023-12-22T00:32:28","date_gmt":"2023-12-21T23:32:28","guid":{"rendered":"http:\/\/blogg.varldenidag.se\/musik\/?p=7813"},"modified":"2023-12-13T12:47:29","modified_gmt":"2023-12-13T11:47:29","slug":"topp-23-2023-plats-10","status":"publish","type":"post","link":"http:\/\/blogg.varldenidag.se\/musik\/topp-23-2023-plats-10\/","title":{"rendered":"Topp 23 2023: Plats 10"},"content":{"rendered":"<p><strong>Plats 10: Ethan C. Davis \u2013 \u201dTaller\u201d<\/strong><\/p>\n<p>I kategorin otippade sound som fastnar som Karlssons klister i \u00f6ronen \u2013 ja, d\u00e5 \u00e4r det h\u00e4r en given vinnare. Kalifornienartisten <strong>Ethan\u00a0<\/strong>har ett lite eget sound och uttryck, och h\u00e4r f\u00f6rpackar han den saken i en l\u00e5t som inte vill sl\u00e4ppa taget. Hur m\u00e5nga g\u00e5nger vi spelade den h\u00e4r l\u00e5ten under \u00e5ret? Tja, antagligen fler \u00e4n vad det finns bultar i \u00d6landsbron!<\/p>\n<div class=\"video-container\"><iframe loading=\"lazy\" title=\"Taller - Ethan C. Davis + Isla Vista Worship | Official Audio\" width=\"500\" height=\"281\" src=\"https:\/\/www.youtube.com\/embed\/i1mQhR6LjG0?feature=oembed\" frameborder=\"0\" allow=\"accelerometer; autoplay; clipboard-write; encrypted-media; gyroscope; picture-in-picture; web-share\" referrerpolicy=\"strict-origin-when-cross-origin\" allowfullscreen><\/iframe><\/div>\n","protected":false},"excerpt":{"rendered":"<p>Plats 10: Ethan C. Davis \u2013 \u201dTaller\u201d I kategorin otippade sound som fastnar som Karlssons klister i \u00f6ronen \u2013 ja, d\u00e5 \u00e4r det h\u00e4r en given vinnare. [&hellip;]<\/p>\n","protected":false},"author":15,"featured_media":0,"comment_status":"open","ping_status":"open","sticky":false,"template":"","format":"standard","meta":{"footnotes":"","_links_to":"","_links_to_target":""},"categories":[1],"tags":[],"class_list":["post-7813","post","type-post","status-publish","format-standard","hentry","category-musik"],"_links":{"self":[{"href":"http:\/\/blogg.varldenidag.se\/musik\/wp-json\/wp\/v2\/posts\/7813","targetHints":{"allow":["GET"]}}],"collection":[{"href":"http:\/\/blogg.varldenidag.se\/musik\/wp-json\/wp\/v2\/posts"}],"about":[{"href":"http:\/\/blogg.varldenidag.se\/musik\/wp-json\/wp\/v2\/types\/post"}],"author":[{"embeddable":true,"href":"http:\/\/blogg.varldenidag.se\/musik\/wp-json\/wp\/v2\/users\/15"}],"replies":[{"embeddable":true,"href":"http:\/\/blogg.varldenidag.se\/musik\/wp-json\/wp\/v2\/comments?post=7813"}],"version-history":[{"count":2,"href":"http:\/\/blogg.varldenidag.se\/musik\/wp-json\/wp\/v2\/posts\/7813\/revisions"}],"predecessor-version":[{"id":7851,"href":"http:\/\/blogg.varldenidag.se\/musik\/wp-json\/wp\/v2\/posts\/7813\/revisions\/7851"}],"wp:attachment":[{"href":"http:\/\/blogg.varldenidag.se\/musik\/wp-json\/wp\/v2\/media?parent=7813"}],"wp:term":[{"taxonomy":"category","embeddable":true,"href":"http:\/\/blogg.varldenidag.se\/musik\/wp-json\/wp\/v2\/categories?post=7813"},{"taxonomy":"post_tag","embeddable":true,"href":"http:\/\/blogg.varldenidag.se\/musik\/wp-json\/wp\/v2\/tags?post=7813"}],"curies":[{"name":"wp","href":"https:\/\/api.w.org\/{rel}","templated":true}]}}