{"id":7791,"date":"2023-12-12T00:41:13","date_gmt":"2023-12-11T23:41:13","guid":{"rendered":"http:\/\/blogg.varldenidag.se\/musik\/?p=7791"},"modified":"2023-12-13T12:37:07","modified_gmt":"2023-12-13T11:37:07","slug":"topp-23-2023-plats-20","status":"publish","type":"post","link":"http:\/\/blogg.varldenidag.se\/musik\/topp-23-2023-plats-20\/","title":{"rendered":"Topp 23 2023: Plats 20"},"content":{"rendered":"<p><strong>Plats 20: Simeon &amp; Samuel \u2013 \u201dDay By Day\u201d<\/strong><\/p>\n<p>Vi kan redan nu s\u00e4ga att den h\u00e4r s\u00e5ngen, \u201dBlott en dag\u201d, \u00e4r en av de \u00e4ldsta p\u00e5 den h\u00e4r listan \u2013 med sitt ursprung i 1800-talet. Men den sk\u00f6nsjungande duon plockade 2023 upp den engelska versionen och bj\u00f6d p\u00e5 en soulig, g\u00e5shudsframkallande version utan dess like. En otippad version \u2013 men galet bra!<\/p>\n<div class=\"video-container\"><iframe loading=\"lazy\" title=\"Day by Day\" width=\"500\" height=\"375\" src=\"https:\/\/www.youtube.com\/embed\/sV9xLz4KJJs?feature=oembed\" frameborder=\"0\" allow=\"accelerometer; autoplay; clipboard-write; encrypted-media; gyroscope; picture-in-picture; web-share\" referrerpolicy=\"strict-origin-when-cross-origin\" allowfullscreen><\/iframe><\/div>\n","protected":false},"excerpt":{"rendered":"<p>Plats 20: Simeon &amp; Samuel \u2013 \u201dDay By Day\u201d Vi kan redan nu s\u00e4ga att den h\u00e4r s\u00e5ngen, \u201dBlott en dag\u201d, \u00e4r en av de \u00e4ldsta p\u00e5 [&hellip;]<\/p>\n","protected":false},"author":15,"featured_media":0,"comment_status":"open","ping_status":"open","sticky":false,"template":"","format":"standard","meta":{"footnotes":"","_links_to":"","_links_to_target":""},"categories":[1],"tags":[],"class_list":["post-7791","post","type-post","status-publish","format-standard","hentry","category-musik"],"_links":{"self":[{"href":"http:\/\/blogg.varldenidag.se\/musik\/wp-json\/wp\/v2\/posts\/7791","targetHints":{"allow":["GET"]}}],"collection":[{"href":"http:\/\/blogg.varldenidag.se\/musik\/wp-json\/wp\/v2\/posts"}],"about":[{"href":"http:\/\/blogg.varldenidag.se\/musik\/wp-json\/wp\/v2\/types\/post"}],"author":[{"embeddable":true,"href":"http:\/\/blogg.varldenidag.se\/musik\/wp-json\/wp\/v2\/users\/15"}],"replies":[{"embeddable":true,"href":"http:\/\/blogg.varldenidag.se\/musik\/wp-json\/wp\/v2\/comments?post=7791"}],"version-history":[{"count":3,"href":"http:\/\/blogg.varldenidag.se\/musik\/wp-json\/wp\/v2\/posts\/7791\/revisions"}],"predecessor-version":[{"id":7838,"href":"http:\/\/blogg.varldenidag.se\/musik\/wp-json\/wp\/v2\/posts\/7791\/revisions\/7838"}],"wp:attachment":[{"href":"http:\/\/blogg.varldenidag.se\/musik\/wp-json\/wp\/v2\/media?parent=7791"}],"wp:term":[{"taxonomy":"category","embeddable":true,"href":"http:\/\/blogg.varldenidag.se\/musik\/wp-json\/wp\/v2\/categories?post=7791"},{"taxonomy":"post_tag","embeddable":true,"href":"http:\/\/blogg.varldenidag.se\/musik\/wp-json\/wp\/v2\/tags?post=7791"}],"curies":[{"name":"wp","href":"https:\/\/api.w.org\/{rel}","templated":true}]}}