{"id":7675,"date":"2023-10-08T00:03:48","date_gmt":"2023-10-07T22:03:48","guid":{"rendered":"http:\/\/blogg.varldenidag.se\/musik\/?p=7675"},"modified":"2023-09-29T16:06:24","modified_gmt":"2023-09-29T14:06:24","slug":"ny-lugn-lovsang-med-gemenskap","status":"publish","type":"post","link":"http:\/\/blogg.varldenidag.se\/musik\/ny-lugn-lovsang-med-gemenskap\/","title":{"rendered":"Ny lugn lovs\u00e5ng med gemenskap"},"content":{"rendered":"<p><strong>Gemenskap\u00a0<\/strong>\u00e4r namnet p\u00e5 en uppskattad serie med svensk lovs\u00e5ng, d\u00e4r det akustiska och stillsamma \u00e4r det som st\u00e5r i fokus. Ett antal album har sl\u00e4ppts fr\u00e5n serien genom \u00e5ren och nu \u00e4r en helt ny del h\u00e4r,\u00a0<em>&#8221;Din godhet ska f\u00f6lja mig&#8221;,\u00a0<\/em>med b\u00e5de redan popul\u00e4ra och v\u00e4lk\u00e4nda lovs\u00e5nger och lite mer doldisar som kommer bli nya favoriter. Ett riktigt bra album att ha i bakgrunden p\u00e5 jobbet, n\u00e4r du kopplar av, vid bibell\u00e4sningen eller n\u00e4r du helt enkelt bara vill fylla dig med bra musik p\u00e5 svenska!<\/p>\n<p><strong>Spotify-l\u00e4nk: <\/strong><a href=\"https:\/\/open.spotify.com\/album\/0vpzkUIl68HiMBSJUzcm3k?si=vlZhFPwuSIeIp_pEsP2hjA\">https:\/\/open.spotify.com\/album\/0vpzkUIl68HiMBSJUzcm3k?si=vlZhFPwuSIeIp_pEsP2hjA<\/a><\/p>\n<div class=\"video-container\"><iframe loading=\"lazy\" title=\"Kom, helig Ande (med renhet)\" width=\"500\" height=\"375\" src=\"https:\/\/www.youtube.com\/embed\/h_oXfx3UYXs?feature=oembed\" frameborder=\"0\" allow=\"accelerometer; autoplay; clipboard-write; encrypted-media; gyroscope; picture-in-picture; web-share\" referrerpolicy=\"strict-origin-when-cross-origin\" allowfullscreen><\/iframe><\/div>\n","protected":false},"excerpt":{"rendered":"<p>Gemenskap\u00a0\u00e4r namnet p\u00e5 en uppskattad serie med svensk lovs\u00e5ng, d\u00e4r det akustiska och stillsamma \u00e4r det som st\u00e5r i fokus. Ett antal album har sl\u00e4ppts fr\u00e5n serien [&hellip;]<\/p>\n","protected":false},"author":15,"featured_media":0,"comment_status":"open","ping_status":"open","sticky":false,"template":"","format":"standard","meta":{"footnotes":"","_links_to":"","_links_to_target":""},"categories":[1],"tags":[],"class_list":["post-7675","post","type-post","status-publish","format-standard","hentry","category-musik"],"_links":{"self":[{"href":"http:\/\/blogg.varldenidag.se\/musik\/wp-json\/wp\/v2\/posts\/7675","targetHints":{"allow":["GET"]}}],"collection":[{"href":"http:\/\/blogg.varldenidag.se\/musik\/wp-json\/wp\/v2\/posts"}],"about":[{"href":"http:\/\/blogg.varldenidag.se\/musik\/wp-json\/wp\/v2\/types\/post"}],"author":[{"embeddable":true,"href":"http:\/\/blogg.varldenidag.se\/musik\/wp-json\/wp\/v2\/users\/15"}],"replies":[{"embeddable":true,"href":"http:\/\/blogg.varldenidag.se\/musik\/wp-json\/wp\/v2\/comments?post=7675"}],"version-history":[{"count":2,"href":"http:\/\/blogg.varldenidag.se\/musik\/wp-json\/wp\/v2\/posts\/7675\/revisions"}],"predecessor-version":[{"id":7681,"href":"http:\/\/blogg.varldenidag.se\/musik\/wp-json\/wp\/v2\/posts\/7675\/revisions\/7681"}],"wp:attachment":[{"href":"http:\/\/blogg.varldenidag.se\/musik\/wp-json\/wp\/v2\/media?parent=7675"}],"wp:term":[{"taxonomy":"category","embeddable":true,"href":"http:\/\/blogg.varldenidag.se\/musik\/wp-json\/wp\/v2\/categories?post=7675"},{"taxonomy":"post_tag","embeddable":true,"href":"http:\/\/blogg.varldenidag.se\/musik\/wp-json\/wp\/v2\/tags?post=7675"}],"curies":[{"name":"wp","href":"https:\/\/api.w.org\/{rel}","templated":true}]}}