{"id":7662,"date":"2023-09-28T00:01:36","date_gmt":"2023-09-27T22:01:36","guid":{"rendered":"http:\/\/blogg.varldenidag.se\/musik\/?p=7662"},"modified":"2023-09-26T10:24:41","modified_gmt":"2023-09-26T08:24:41","slug":"helmner-bjuder-pa-fint-svenskt-latsnickeri","status":"publish","type":"post","link":"http:\/\/blogg.varldenidag.se\/musik\/helmner-bjuder-pa-fint-svenskt-latsnickeri\/","title":{"rendered":"Helmner bjuder p\u00e5 fint svenskt l\u00e5tsnickeri"},"content":{"rendered":"<p>Svenska Magnus Helmner ger en fin dos l\u00e5tsnickeri i hans nya l\u00e5t, \u201dBryter Upp\u201d. En riktig hantverksl\u00e5t, fint ihopsnickrad i svenskt popformat, med en refr\u00e4ng som s\u00e4tter sig i huvud och sinne.<\/p>\n<p><strong>Spotify-l\u00e4nk:\u00a0<\/strong><a href=\"https:\/\/open.spotify.com\/track\/3MGxHaje01ju87Z8FPXonz?si=0f8a6d0243a84e5f\">https:\/\/open.spotify.com\/track\/3MGxHaje01ju87Z8FPXonz?si=0f8a6d0243a84e5f<\/a><\/p>\n<div class=\"video-container\"><iframe loading=\"lazy\" title=\"Magnus Helmner - Bryter Upp\" width=\"500\" height=\"281\" src=\"https:\/\/www.youtube.com\/embed\/FGwpuIxr5H8?feature=oembed\" frameborder=\"0\" allow=\"accelerometer; autoplay; clipboard-write; encrypted-media; gyroscope; picture-in-picture; web-share\" referrerpolicy=\"strict-origin-when-cross-origin\" allowfullscreen><\/iframe><\/div>\n","protected":false},"excerpt":{"rendered":"<p>Svenska Magnus Helmner ger en fin dos l\u00e5tsnickeri i hans nya l\u00e5t, \u201dBryter Upp\u201d. En riktig hantverksl\u00e5t, fint ihopsnickrad i svenskt popformat, med en refr\u00e4ng som s\u00e4tter [&hellip;]<\/p>\n","protected":false},"author":15,"featured_media":0,"comment_status":"open","ping_status":"open","sticky":false,"template":"","format":"standard","meta":{"footnotes":"","_links_to":"","_links_to_target":""},"categories":[1],"tags":[],"class_list":["post-7662","post","type-post","status-publish","format-standard","hentry","category-musik"],"_links":{"self":[{"href":"http:\/\/blogg.varldenidag.se\/musik\/wp-json\/wp\/v2\/posts\/7662","targetHints":{"allow":["GET"]}}],"collection":[{"href":"http:\/\/blogg.varldenidag.se\/musik\/wp-json\/wp\/v2\/posts"}],"about":[{"href":"http:\/\/blogg.varldenidag.se\/musik\/wp-json\/wp\/v2\/types\/post"}],"author":[{"embeddable":true,"href":"http:\/\/blogg.varldenidag.se\/musik\/wp-json\/wp\/v2\/users\/15"}],"replies":[{"embeddable":true,"href":"http:\/\/blogg.varldenidag.se\/musik\/wp-json\/wp\/v2\/comments?post=7662"}],"version-history":[{"count":2,"href":"http:\/\/blogg.varldenidag.se\/musik\/wp-json\/wp\/v2\/posts\/7662\/revisions"}],"predecessor-version":[{"id":7667,"href":"http:\/\/blogg.varldenidag.se\/musik\/wp-json\/wp\/v2\/posts\/7662\/revisions\/7667"}],"wp:attachment":[{"href":"http:\/\/blogg.varldenidag.se\/musik\/wp-json\/wp\/v2\/media?parent=7662"}],"wp:term":[{"taxonomy":"category","embeddable":true,"href":"http:\/\/blogg.varldenidag.se\/musik\/wp-json\/wp\/v2\/categories?post=7662"},{"taxonomy":"post_tag","embeddable":true,"href":"http:\/\/blogg.varldenidag.se\/musik\/wp-json\/wp\/v2\/tags?post=7662"}],"curies":[{"name":"wp","href":"https:\/\/api.w.org\/{rel}","templated":true}]}}