{"id":766,"date":"2012-10-19T09:38:10","date_gmt":"2012-10-19T07:38:10","guid":{"rendered":"http:\/\/blogg.varldenidag.se\/musik\/?p=766"},"modified":"2012-10-19T09:42:26","modified_gmt":"2012-10-19T07:42:26","slug":"inspelning-pagar-nytt-fran-micke-fhinn-till-varen","status":"publish","type":"post","link":"http:\/\/blogg.varldenidag.se\/musik\/inspelning-pagar-nytt-fran-micke-fhinn-till-varen\/","title":{"rendered":"Inspelning p\u00e5g\u00e5r \u2013 nytt fr\u00e5n Micke Fhinn till v\u00e5ren"},"content":{"rendered":"<div id=\"attachment_768\" style=\"width: 650px\" class=\"wp-caption aligncenter\"><a href=\"http:\/\/blogg.varldenidag.se\/musik\/files\/2012\/10\/micke-och-johan_640.jpg\"><img loading=\"lazy\" decoding=\"async\" aria-describedby=\"caption-attachment-768\" class=\"size-full wp-image-768\" title=\"micke och johan_640\" src=\"http:\/\/blogg.varldenidag.se\/musik\/files\/2012\/10\/micke-och-johan_640.jpg\" alt=\"Johan Eckeborn och Micke Fhinn i studion.\" width=\"640\" height=\"414\" srcset=\"http:\/\/blogg.varldenidag.se\/musik\/files\/2012\/10\/micke-och-johan_640.jpg 640w, http:\/\/blogg.varldenidag.se\/musik\/files\/2012\/10\/micke-och-johan_640-300x194.jpg 300w\" sizes=\"auto, (max-width: 640px) 100vw, 640px\" \/><\/a><p id=\"caption-attachment-768\" class=\"wp-caption-text\">Johan Eckeborn och Micke Fhinn i studion. Foto: Samuel Bj\u00f6rk<\/p><\/div>\n<div id=\"attachment_769\" style=\"width: 210px\" class=\"wp-caption alignright\"><a href=\"http:\/\/blogg.varldenidag.se\/musik\/files\/2012\/10\/micke-fhinn.jpg\"><img loading=\"lazy\" decoding=\"async\" aria-describedby=\"caption-attachment-769\" class=\"size-medium wp-image-769\" title=\"Micke Fhinn i skivstudion. Foto: Samuel Bj\u00f6rk\" src=\"http:\/\/blogg.varldenidag.se\/musik\/files\/2012\/10\/micke-fhinn-200x300.jpg\" alt=\"Micke Fhinn i skivstudion. Foto: Samuel Bj\u00f6rk\" width=\"200\" height=\"300\" srcset=\"http:\/\/blogg.varldenidag.se\/musik\/files\/2012\/10\/micke-fhinn-200x300.jpg 200w, http:\/\/blogg.varldenidag.se\/musik\/files\/2012\/10\/micke-fhinn-682x1024.jpg 682w\" sizes=\"auto, (max-width: 200px) 100vw, 200px\" \/><\/a><p id=\"caption-attachment-769\" class=\"wp-caption-text\">Micke Fhinn i skivstudion. Foto: Samuel Bj\u00f6rk<\/p><\/div>\n<p>L\u00e5tskrivaren och lovs\u00e5ngaren Micke Fhinn har gett ut tv\u00e5 soloskivor tidigare, <a href=\"http:\/\/www.davidmedia.se\/viewNavMenu.do?menuID=2&amp;oid=2477\" target=\"_blank\">En dag i september (1996)<\/a> och <a href=\"http:\/\/www.davidmedia.se\/viewNavMenu.do?menuID=3&amp;oid=926\" target=\"_blank\">Spring (2001)<\/a>. Nu, elva \u00e5r senare, p\u00e5g\u00e5r inspelningarna inf\u00f6r det tredje albumet som ska komma ut n\u00e5gon g\u00e5ng i mars 2013.<\/p>\n<p>Skivan kommer ges ut p\u00e5 Adora Records och Musikbloggen var och h\u00e4lsade p\u00e5 ute i studion p\u00e5 Ribbingeb\u00e4ck f\u00f6rsamlingsg\u00e5rd mellan Uppsala och Sala d\u00e4r producenten Johan Eckeborn och Micke h\u00e5ller p\u00e5 att l\u00e4gga akustisk gitarr. Just nu \u00e4r man i b\u00f6rjan av att l\u00e4gga musikgrunderna.<\/p>\n<p>Med p\u00e5 ett h\u00f6rn finns Mickes hustru \u00c5sa som varit med och skrivit n\u00e5gra av texterna till l\u00e5tarna p\u00e5 plattan. Det kommer att bli en blandning av s\u00e5v\u00e4l enkla raka lovs\u00e5nger men ocks\u00e5 en del mer ber\u00e4ttande s\u00e5nger om livet i tron.<\/p>\n<p>F\u00f6rutom soloskivorna har Micke och hustrun \u00c5sa gjort plattan Det b\u00e4sta i livet (2006) och Micke finns med p\u00e5 ett flertal liveinspelningar.<\/p>\n","protected":false},"excerpt":{"rendered":"<p>L\u00e5tskrivaren och lovs\u00e5ngaren Micke Fhinn har gett ut tv\u00e5 soloskivor tidigare, En dag i september (1996) och Spring (2001). Nu, elva \u00e5r senare, p\u00e5g\u00e5r inspelningarna inf\u00f6r det [&hellip;]<\/p>\n","protected":false},"author":4,"featured_media":769,"comment_status":"open","ping_status":"open","sticky":false,"template":"","format":"standard","meta":{"footnotes":"","_links_to":"","_links_to_target":""},"categories":[1],"tags":[6,179,180],"class_list":["post-766","post","type-post","status-publish","format-standard","has-post-thumbnail","hentry","category-musik","tag-lovsang","tag-skivinspelning","tag-studio"],"_links":{"self":[{"href":"http:\/\/blogg.varldenidag.se\/musik\/wp-json\/wp\/v2\/posts\/766","targetHints":{"allow":["GET"]}}],"collection":[{"href":"http:\/\/blogg.varldenidag.se\/musik\/wp-json\/wp\/v2\/posts"}],"about":[{"href":"http:\/\/blogg.varldenidag.se\/musik\/wp-json\/wp\/v2\/types\/post"}],"author":[{"embeddable":true,"href":"http:\/\/blogg.varldenidag.se\/musik\/wp-json\/wp\/v2\/users\/4"}],"replies":[{"embeddable":true,"href":"http:\/\/blogg.varldenidag.se\/musik\/wp-json\/wp\/v2\/comments?post=766"}],"version-history":[{"count":6,"href":"http:\/\/blogg.varldenidag.se\/musik\/wp-json\/wp\/v2\/posts\/766\/revisions"}],"predecessor-version":[{"id":775,"href":"http:\/\/blogg.varldenidag.se\/musik\/wp-json\/wp\/v2\/posts\/766\/revisions\/775"}],"wp:featuredmedia":[{"embeddable":true,"href":"http:\/\/blogg.varldenidag.se\/musik\/wp-json\/wp\/v2\/media\/769"}],"wp:attachment":[{"href":"http:\/\/blogg.varldenidag.se\/musik\/wp-json\/wp\/v2\/media?parent=766"}],"wp:term":[{"taxonomy":"category","embeddable":true,"href":"http:\/\/blogg.varldenidag.se\/musik\/wp-json\/wp\/v2\/categories?post=766"},{"taxonomy":"post_tag","embeddable":true,"href":"http:\/\/blogg.varldenidag.se\/musik\/wp-json\/wp\/v2\/tags?post=766"}],"curies":[{"name":"wp","href":"https:\/\/api.w.org\/{rel}","templated":true}]}}