{"id":7649,"date":"2023-09-24T00:34:39","date_gmt":"2023-09-23T22:34:39","guid":{"rendered":"http:\/\/blogg.varldenidag.se\/musik\/?p=7649"},"modified":"2023-09-20T09:50:20","modified_gmt":"2023-09-20T07:50:20","slug":"daigle-ger-oss-en-av-hostens-basta-latar","status":"publish","type":"post","link":"http:\/\/blogg.varldenidag.se\/musik\/daigle-ger-oss-en-av-hostens-basta-latar\/","title":{"rendered":"Daigle ger oss en av h\u00f6stens b\u00e4sta l\u00e5tar!"},"content":{"rendered":"<p><strong>Lauren Daigle\u00a0<\/strong>\u00e4r, minst sagt, h\u00f6gaktuell under 2023 genom sitt tv\u00e5delade sj\u00e4lvtitlade skivprojekt som ger oss drygt 20 nya l\u00e5tar. Del tv\u00e5 i projektet \u00e4r nu h\u00e4r, och d\u00e4r finns en av h\u00f6stens absolut b\u00e4sta l\u00e5tar med: den monumentalt bra, storslagna och h\u00e4ftiga \u201dTurbulent Skies\u201d.<\/p>\n<p>L\u00e5ten liknar inte n\u00e5got hon sl\u00e4ppt tidigare, men g\u00e5r p\u00e5 knock redan fr\u00e5n f\u00f6rsta sekundrarna med ett budskap som alla beh\u00f6ver h\u00f6ra i turbulenta tider. En rej\u00e4l \u201dhitvarning\u201d utf\u00e4rdas h\u00e4rmed!<\/p>\n<p><strong>Spotify-l\u00e4nk:\u00a0<\/strong><a href=\"https:\/\/open.spotify.com\/track\/42QA59YtaWyuRu3H94SUXY?si=1686699932ea4788\">https:\/\/open.spotify.com\/track\/42QA59YtaWyuRu3H94SUXY?si=1686699932ea4788<\/a><\/p>\n<div class=\"video-container\"><iframe loading=\"lazy\" title=\"Lauren Daigle - Turbulent Skies (Official Lyric Video)\" width=\"500\" height=\"281\" src=\"https:\/\/www.youtube.com\/embed\/jbbSfykWSmE?feature=oembed\" frameborder=\"0\" allow=\"accelerometer; autoplay; clipboard-write; encrypted-media; gyroscope; picture-in-picture; web-share\" referrerpolicy=\"strict-origin-when-cross-origin\" allowfullscreen><\/iframe><\/div>\n","protected":false},"excerpt":{"rendered":"<p>Lauren Daigle\u00a0\u00e4r, minst sagt, h\u00f6gaktuell under 2023 genom sitt tv\u00e5delade sj\u00e4lvtitlade skivprojekt som ger oss drygt 20 nya l\u00e5tar. Del tv\u00e5 i projektet \u00e4r nu h\u00e4r, och [&hellip;]<\/p>\n","protected":false},"author":15,"featured_media":0,"comment_status":"open","ping_status":"open","sticky":false,"template":"","format":"standard","meta":{"footnotes":"","_links_to":"","_links_to_target":""},"categories":[1],"tags":[],"class_list":["post-7649","post","type-post","status-publish","format-standard","hentry","category-musik"],"_links":{"self":[{"href":"http:\/\/blogg.varldenidag.se\/musik\/wp-json\/wp\/v2\/posts\/7649","targetHints":{"allow":["GET"]}}],"collection":[{"href":"http:\/\/blogg.varldenidag.se\/musik\/wp-json\/wp\/v2\/posts"}],"about":[{"href":"http:\/\/blogg.varldenidag.se\/musik\/wp-json\/wp\/v2\/types\/post"}],"author":[{"embeddable":true,"href":"http:\/\/blogg.varldenidag.se\/musik\/wp-json\/wp\/v2\/users\/15"}],"replies":[{"embeddable":true,"href":"http:\/\/blogg.varldenidag.se\/musik\/wp-json\/wp\/v2\/comments?post=7649"}],"version-history":[{"count":2,"href":"http:\/\/blogg.varldenidag.se\/musik\/wp-json\/wp\/v2\/posts\/7649\/revisions"}],"predecessor-version":[{"id":7657,"href":"http:\/\/blogg.varldenidag.se\/musik\/wp-json\/wp\/v2\/posts\/7649\/revisions\/7657"}],"wp:attachment":[{"href":"http:\/\/blogg.varldenidag.se\/musik\/wp-json\/wp\/v2\/media?parent=7649"}],"wp:term":[{"taxonomy":"category","embeddable":true,"href":"http:\/\/blogg.varldenidag.se\/musik\/wp-json\/wp\/v2\/categories?post=7649"},{"taxonomy":"post_tag","embeddable":true,"href":"http:\/\/blogg.varldenidag.se\/musik\/wp-json\/wp\/v2\/tags?post=7649"}],"curies":[{"name":"wp","href":"https:\/\/api.w.org\/{rel}","templated":true}]}}