{"id":7647,"date":"2023-09-22T00:29:00","date_gmt":"2023-09-21T22:29:00","guid":{"rendered":"http:\/\/blogg.varldenidag.se\/musik\/?p=7647"},"modified":"2023-09-20T09:49:39","modified_gmt":"2023-09-20T07:49:39","slug":"succelaten-antligen-pa-svenska","status":"publish","type":"post","link":"http:\/\/blogg.varldenidag.se\/musik\/succelaten-antligen-pa-svenska\/","title":{"rendered":"Succ\u00e9l\u00e5ten \u00e4ntligen p\u00e5 svenska!"},"content":{"rendered":"<p>Bethel Musics j\u00e4ttesucc\u00e9\u00a0<em>No Longer Slaves\u00a0<\/em>har precis passerat 100 miljoner (!) lyssningar p\u00e5 Spotify och det \u00e4r ingen som helst tvekan om att l\u00e5ten \u00e4r en av de allra, allra st\u00f6rsta lovs\u00e5ngerna fr\u00e5n 2000-talet. Nu finns den dessutom \u00e4ntligen p\u00e5 svenska! Det \u00e4r tvekl\u00f6st en efterl\u00e4ngtad version, som producenten, artisten och l\u00e5tskrivaren\u00a0<strong>Paul Biktor B\u00f6rjesson\u00a0<\/strong>tar sig an att \u00f6vers\u00e4tta, och f\u00e5r hj\u00e4lp av\u00a0<strong>Salem Varg\u00f6n.<\/strong><\/p>\n<p>En bra l\u00e5t har f\u00e5tt en bra svensk version \u2013 i form av en av h\u00f6stens mest efterl\u00e4ngtade l\u00e5tar p\u00e5 svenska!<\/p>\n<p><strong>Spotify-l\u00e4nk:\u00a0<\/strong><a href=\"https:\/\/open.spotify.com\/track\/1vGVYjsgbG2Y8TykFlWbri?si=c002740536d54eeb\">https:\/\/open.spotify.com\/track\/1vGVYjsgbG2Y8TykFlWbri?si=c002740536d54eeb<\/a><\/p>\n<div class=\"video-container\"><iframe loading=\"lazy\" title=\"Inte la\u0308ngre ra\u0308dslans slav\" width=\"500\" height=\"375\" src=\"https:\/\/www.youtube.com\/embed\/blrh7Zk0VkI?feature=oembed\" frameborder=\"0\" allow=\"accelerometer; autoplay; clipboard-write; encrypted-media; gyroscope; picture-in-picture; web-share\" referrerpolicy=\"strict-origin-when-cross-origin\" allowfullscreen><\/iframe><\/div>\n","protected":false},"excerpt":{"rendered":"<p>Bethel Musics j\u00e4ttesucc\u00e9\u00a0No Longer Slaves\u00a0har precis passerat 100 miljoner (!) lyssningar p\u00e5 Spotify och det \u00e4r ingen som helst tvekan om att l\u00e5ten \u00e4r en av de [&hellip;]<\/p>\n","protected":false},"author":15,"featured_media":0,"comment_status":"open","ping_status":"open","sticky":false,"template":"","format":"standard","meta":{"footnotes":"","_links_to":"","_links_to_target":""},"categories":[1],"tags":[],"class_list":["post-7647","post","type-post","status-publish","format-standard","hentry","category-musik"],"_links":{"self":[{"href":"http:\/\/blogg.varldenidag.se\/musik\/wp-json\/wp\/v2\/posts\/7647","targetHints":{"allow":["GET"]}}],"collection":[{"href":"http:\/\/blogg.varldenidag.se\/musik\/wp-json\/wp\/v2\/posts"}],"about":[{"href":"http:\/\/blogg.varldenidag.se\/musik\/wp-json\/wp\/v2\/types\/post"}],"author":[{"embeddable":true,"href":"http:\/\/blogg.varldenidag.se\/musik\/wp-json\/wp\/v2\/users\/15"}],"replies":[{"embeddable":true,"href":"http:\/\/blogg.varldenidag.se\/musik\/wp-json\/wp\/v2\/comments?post=7647"}],"version-history":[{"count":2,"href":"http:\/\/blogg.varldenidag.se\/musik\/wp-json\/wp\/v2\/posts\/7647\/revisions"}],"predecessor-version":[{"id":7656,"href":"http:\/\/blogg.varldenidag.se\/musik\/wp-json\/wp\/v2\/posts\/7647\/revisions\/7656"}],"wp:attachment":[{"href":"http:\/\/blogg.varldenidag.se\/musik\/wp-json\/wp\/v2\/media?parent=7647"}],"wp:term":[{"taxonomy":"category","embeddable":true,"href":"http:\/\/blogg.varldenidag.se\/musik\/wp-json\/wp\/v2\/categories?post=7647"},{"taxonomy":"post_tag","embeddable":true,"href":"http:\/\/blogg.varldenidag.se\/musik\/wp-json\/wp\/v2\/tags?post=7647"}],"curies":[{"name":"wp","href":"https:\/\/api.w.org\/{rel}","templated":true}]}}