{"id":7643,"date":"2023-09-18T21:18:52","date_gmt":"2023-09-18T19:18:52","guid":{"rendered":"http:\/\/blogg.varldenidag.se\/musik\/?p=7643"},"modified":"2023-09-20T09:47:10","modified_gmt":"2023-09-20T07:47:10","slug":"needtobreathe-golvar-lyssnarna","status":"publish","type":"post","link":"http:\/\/blogg.varldenidag.se\/musik\/needtobreathe-golvar-lyssnarna\/","title":{"rendered":"Needtobreathe golvar lyssnarna"},"content":{"rendered":"<p>Trots att en av de tv\u00e5 br\u00f6derna Rhinehart l\u00e4mnat bandet sedan n\u00e5gra \u00e5r tillbaka, s\u00e5 forts\u00e4tter det rockt\u00e5get fr\u00e5n de amerikanska sydstaterna of\u00f6rtrutet fram\u00e5t i en galen fart.<\/p>\n<p>En rykande f\u00e4rsk skiva \u00e4r h\u00e4r, fullmatad av samarbeten med <strong>Old Dominion<\/strong>, <strong>Foy Vance<\/strong>, <strong>Judah &amp; The Lion<\/strong> och <strong>Carly Pearce<\/strong> och av l\u00e5tar som t\u00e5rdrypande \u201dFall On Me\u201d och det sansl\u00f6sa bluesrockverket \u201dBy And By\u201d, liksom den o\u00e4ndligt vackra k\u00e4rlekshyllningen. \u201dHow Wonderful We Are\u201d.<\/p>\n<p>Och s\u00e5, f\u00f6rst\u00e5s, denna riktiga hitmagnet \u201dDreams\u201d, d\u00e4r just <strong>Judah &amp; The Lion<\/strong> tar plats som g\u00e4startist. En av \u00e5rets snabbast fastklistrande l\u00e5tar som s\u00e4tter sig i \u00f6ronen snabbare \u00e4n ett snabblim hinner torka \u2013 vi lovar!<\/p>\n<p>Missa f\u00f6r allt i v\u00e4rlden inte denna skiva!<\/p>\n<p><strong>Spotify-l\u00e4nk:\u00a0<\/strong><a href=\"https:\/\/open.spotify.com\/track\/6upqycHdFZkd1JzVeqjnGo?si=ab4887d9926b4c75\">https:\/\/open.spotify.com\/track\/6upqycHdFZkd1JzVeqjnGo?si=ab4887d9926b4c75<\/a><\/p>\n<div class=\"video-container\"><iframe loading=\"lazy\" title=\"NEEDTOBREATHE - Dreams (feat. Judah &amp; the Lion) [Official Music Video]\" width=\"500\" height=\"281\" src=\"https:\/\/www.youtube.com\/embed\/jaw0gaex66E?feature=oembed\" frameborder=\"0\" allow=\"accelerometer; autoplay; clipboard-write; encrypted-media; gyroscope; picture-in-picture; web-share\" referrerpolicy=\"strict-origin-when-cross-origin\" allowfullscreen><\/iframe><\/div>\n","protected":false},"excerpt":{"rendered":"<p>Trots att en av de tv\u00e5 br\u00f6derna Rhinehart l\u00e4mnat bandet sedan n\u00e5gra \u00e5r tillbaka, s\u00e5 forts\u00e4tter det rockt\u00e5get fr\u00e5n de amerikanska sydstaterna of\u00f6rtrutet fram\u00e5t i en galen [&hellip;]<\/p>\n","protected":false},"author":15,"featured_media":0,"comment_status":"open","ping_status":"open","sticky":false,"template":"","format":"standard","meta":{"footnotes":"","_links_to":"","_links_to_target":""},"categories":[1],"tags":[],"class_list":["post-7643","post","type-post","status-publish","format-standard","hentry","category-musik"],"_links":{"self":[{"href":"http:\/\/blogg.varldenidag.se\/musik\/wp-json\/wp\/v2\/posts\/7643","targetHints":{"allow":["GET"]}}],"collection":[{"href":"http:\/\/blogg.varldenidag.se\/musik\/wp-json\/wp\/v2\/posts"}],"about":[{"href":"http:\/\/blogg.varldenidag.se\/musik\/wp-json\/wp\/v2\/types\/post"}],"author":[{"embeddable":true,"href":"http:\/\/blogg.varldenidag.se\/musik\/wp-json\/wp\/v2\/users\/15"}],"replies":[{"embeddable":true,"href":"http:\/\/blogg.varldenidag.se\/musik\/wp-json\/wp\/v2\/comments?post=7643"}],"version-history":[{"count":4,"href":"http:\/\/blogg.varldenidag.se\/musik\/wp-json\/wp\/v2\/posts\/7643\/revisions"}],"predecessor-version":[{"id":7654,"href":"http:\/\/blogg.varldenidag.se\/musik\/wp-json\/wp\/v2\/posts\/7643\/revisions\/7654"}],"wp:attachment":[{"href":"http:\/\/blogg.varldenidag.se\/musik\/wp-json\/wp\/v2\/media?parent=7643"}],"wp:term":[{"taxonomy":"category","embeddable":true,"href":"http:\/\/blogg.varldenidag.se\/musik\/wp-json\/wp\/v2\/categories?post=7643"},{"taxonomy":"post_tag","embeddable":true,"href":"http:\/\/blogg.varldenidag.se\/musik\/wp-json\/wp\/v2\/tags?post=7643"}],"curies":[{"name":"wp","href":"https:\/\/api.w.org\/{rel}","templated":true}]}}