{"id":7630,"date":"2023-09-10T00:33:29","date_gmt":"2023-09-09T22:33:29","guid":{"rendered":"http:\/\/blogg.varldenidag.se\/musik\/?p=7630"},"modified":"2023-09-06T09:26:16","modified_gmt":"2023-09-06T07:26:16","slug":"en-ny-svensk-spellista","status":"publish","type":"post","link":"http:\/\/blogg.varldenidag.se\/musik\/en-ny-svensk-spellista\/","title":{"rendered":"En ny svensk spellista!"},"content":{"rendered":"<p>Vi g\u00f6r det \u00e4nnu enklare att hitta ny, bra kristen musik! I spellistan\u00a0<strong>Gul &amp; Bl\u00e5\u00a0<\/strong>samlar vi en h\u00e4rlig mix av ny musik fr\u00e5n grupper och artister som kallar Sverige f\u00f6r sitt hem \u2013 dessutom uppdaterad regelbunden. F\u00f6lj spellistan f\u00f6r att inte missa n\u00e5gra nya bra sl\u00e4pp!<\/p>\n<div class=\"video-container\"><iframe title=\"Spotify Embed: Gul &amp; Bl\u00e5\" style=\"border-radius: 12px\" width=\"100%\" height=\"352\" frameborder=\"0\" allowfullscreen allow=\"autoplay; clipboard-write; encrypted-media; fullscreen; picture-in-picture\" loading=\"lazy\" src=\"https:\/\/open.spotify.com\/embed\/playlist\/353Uj2QgUJlhF6pYoe3ofX?si=8c50b5027be14273&#038;utm_source=oembed\"><\/iframe><\/div>\n","protected":false},"excerpt":{"rendered":"<p>Vi g\u00f6r det \u00e4nnu enklare att hitta ny, bra kristen musik! I spellistan\u00a0Gul &amp; Bl\u00e5\u00a0samlar vi en h\u00e4rlig mix av ny musik fr\u00e5n grupper och artister som [&hellip;]<\/p>\n","protected":false},"author":15,"featured_media":0,"comment_status":"open","ping_status":"open","sticky":false,"template":"","format":"standard","meta":{"footnotes":"","_links_to":"","_links_to_target":""},"categories":[1],"tags":[],"class_list":["post-7630","post","type-post","status-publish","format-standard","hentry","category-musik"],"_links":{"self":[{"href":"http:\/\/blogg.varldenidag.se\/musik\/wp-json\/wp\/v2\/posts\/7630","targetHints":{"allow":["GET"]}}],"collection":[{"href":"http:\/\/blogg.varldenidag.se\/musik\/wp-json\/wp\/v2\/posts"}],"about":[{"href":"http:\/\/blogg.varldenidag.se\/musik\/wp-json\/wp\/v2\/types\/post"}],"author":[{"embeddable":true,"href":"http:\/\/blogg.varldenidag.se\/musik\/wp-json\/wp\/v2\/users\/15"}],"replies":[{"embeddable":true,"href":"http:\/\/blogg.varldenidag.se\/musik\/wp-json\/wp\/v2\/comments?post=7630"}],"version-history":[{"count":2,"href":"http:\/\/blogg.varldenidag.se\/musik\/wp-json\/wp\/v2\/posts\/7630\/revisions"}],"predecessor-version":[{"id":7637,"href":"http:\/\/blogg.varldenidag.se\/musik\/wp-json\/wp\/v2\/posts\/7630\/revisions\/7637"}],"wp:attachment":[{"href":"http:\/\/blogg.varldenidag.se\/musik\/wp-json\/wp\/v2\/media?parent=7630"}],"wp:term":[{"taxonomy":"category","embeddable":true,"href":"http:\/\/blogg.varldenidag.se\/musik\/wp-json\/wp\/v2\/categories?post=7630"},{"taxonomy":"post_tag","embeddable":true,"href":"http:\/\/blogg.varldenidag.se\/musik\/wp-json\/wp\/v2\/tags?post=7630"}],"curies":[{"name":"wp","href":"https:\/\/api.w.org\/{rel}","templated":true}]}}