{"id":7628,"date":"2023-09-04T22:24:25","date_gmt":"2023-09-04T20:24:25","guid":{"rendered":"http:\/\/blogg.varldenidag.se\/musik\/?p=7628"},"modified":"2023-09-06T09:17:26","modified_gmt":"2023-09-06T07:17:26","slug":"spellistan-som-varmer-i-hostmorkret","status":"publish","type":"post","link":"http:\/\/blogg.varldenidag.se\/musik\/spellistan-som-varmer-i-hostmorkret\/","title":{"rendered":"Spellistan som v\u00e4rmer i h\u00f6stm\u00f6rkret!"},"content":{"rendered":"<p>Beh\u00f6ver du en riktigt bra spellista som ackompanjerar och v\u00e4rmer dig i h\u00f6strusket och den stundande m\u00f6rka \u00e5rstiden? Lugn \u2013 vi har l\u00f6sningen i form av v\u00e5r spellista\u00a0<strong>H\u00f6stmys!\u00a0<\/strong>H\u00e4r har vi samlat det perfekta soundtracket f\u00f6r lata, ruskiga, ruggiga och sl\u00f6a h\u00f6stdagar, i form av avkopplande och v\u00e4rmande l\u00e5tar fr\u00e5n en rad artister. Uppdateras dessutom regelbundet!<\/p>\n<div class=\"video-container\"><iframe title=\"Spotify Embed: H\u00f6stmys\" style=\"border-radius: 12px\" width=\"100%\" height=\"352\" frameborder=\"0\" allowfullscreen allow=\"autoplay; clipboard-write; encrypted-media; fullscreen; picture-in-picture\" loading=\"lazy\" src=\"https:\/\/open.spotify.com\/embed\/playlist\/22AIIV597P3BFXELdbpytl?si=a6099a8e49454c12&#038;utm_source=oembed\"><\/iframe><\/div>\n","protected":false},"excerpt":{"rendered":"<p>Beh\u00f6ver du en riktigt bra spellista som ackompanjerar och v\u00e4rmer dig i h\u00f6strusket och den stundande m\u00f6rka \u00e5rstiden? Lugn \u2013 vi har l\u00f6sningen i form av v\u00e5r [&hellip;]<\/p>\n","protected":false},"author":15,"featured_media":0,"comment_status":"open","ping_status":"open","sticky":false,"template":"","format":"standard","meta":{"footnotes":"","_links_to":"","_links_to_target":""},"categories":[1],"tags":[],"class_list":["post-7628","post","type-post","status-publish","format-standard","hentry","category-musik"],"_links":{"self":[{"href":"http:\/\/blogg.varldenidag.se\/musik\/wp-json\/wp\/v2\/posts\/7628","targetHints":{"allow":["GET"]}}],"collection":[{"href":"http:\/\/blogg.varldenidag.se\/musik\/wp-json\/wp\/v2\/posts"}],"about":[{"href":"http:\/\/blogg.varldenidag.se\/musik\/wp-json\/wp\/v2\/types\/post"}],"author":[{"embeddable":true,"href":"http:\/\/blogg.varldenidag.se\/musik\/wp-json\/wp\/v2\/users\/15"}],"replies":[{"embeddable":true,"href":"http:\/\/blogg.varldenidag.se\/musik\/wp-json\/wp\/v2\/comments?post=7628"}],"version-history":[{"count":3,"href":"http:\/\/blogg.varldenidag.se\/musik\/wp-json\/wp\/v2\/posts\/7628\/revisions"}],"predecessor-version":[{"id":7633,"href":"http:\/\/blogg.varldenidag.se\/musik\/wp-json\/wp\/v2\/posts\/7628\/revisions\/7633"}],"wp:attachment":[{"href":"http:\/\/blogg.varldenidag.se\/musik\/wp-json\/wp\/v2\/media?parent=7628"}],"wp:term":[{"taxonomy":"category","embeddable":true,"href":"http:\/\/blogg.varldenidag.se\/musik\/wp-json\/wp\/v2\/categories?post=7628"},{"taxonomy":"post_tag","embeddable":true,"href":"http:\/\/blogg.varldenidag.se\/musik\/wp-json\/wp\/v2\/tags?post=7628"}],"curies":[{"name":"wp","href":"https:\/\/api.w.org\/{rel}","templated":true}]}}