{"id":7620,"date":"2023-09-09T00:01:02","date_gmt":"2023-09-08T22:01:02","guid":{"rendered":"http:\/\/blogg.varldenidag.se\/musik\/?p=7620"},"modified":"2023-09-06T09:24:13","modified_gmt":"2023-09-06T07:24:13","slug":"ny-lovsangs-ep-fran-partille","status":"publish","type":"post","link":"http:\/\/blogg.varldenidag.se\/musik\/ny-lovsangs-ep-fran-partille\/","title":{"rendered":"Ny lovs\u00e5ngs-EP fr\u00e5n Partille"},"content":{"rendered":"<p>Direkt fr\u00e5n Furulundskyrkan i Partille utanf\u00f6r G\u00f6teborg kommer\u00a0<strong>Furulund Music\u00a0<\/strong>och deras nya EP \u201d<em>Hem\u201d<\/em>; en liten samling av s\u00e5nger som redan levt en tid och lite nytt. Spana in, alla ni som gillar ny svensk lovs\u00e5ng!<\/p>\n<p><strong>Spotify-l\u00e4nk: <\/strong><a href=\"https:\/\/open.spotify.com\/track\/2mSLQXFhcIiBpUyr6dS6Yz?si=6ff6b530a32c431c\">https:\/\/open.spotify.com\/track\/2mSLQXFhcIiBpUyr6dS6Yz?si=6ff6b530a32c431c<\/a><\/p>\n<div class=\"video-container\"><iframe loading=\"lazy\" title=\"Herren \u00e4r mitt hem - Samuel Malmqvist \/\/ Furulund Music | Live i Furulundskyrkan\" width=\"500\" height=\"281\" src=\"https:\/\/www.youtube.com\/embed\/yhZVxN_4H2M?feature=oembed\" frameborder=\"0\" allow=\"accelerometer; autoplay; clipboard-write; encrypted-media; gyroscope; picture-in-picture; web-share\" referrerpolicy=\"strict-origin-when-cross-origin\" allowfullscreen><\/iframe><\/div>\n","protected":false},"excerpt":{"rendered":"<p>Direkt fr\u00e5n Furulundskyrkan i Partille utanf\u00f6r G\u00f6teborg kommer\u00a0Furulund Music\u00a0och deras nya EP \u201dHem\u201d; en liten samling av s\u00e5nger som redan levt en tid och lite nytt. Spana [&hellip;]<\/p>\n","protected":false},"author":15,"featured_media":0,"comment_status":"open","ping_status":"open","sticky":false,"template":"","format":"standard","meta":{"footnotes":"","_links_to":"","_links_to_target":""},"categories":[1],"tags":[],"class_list":["post-7620","post","type-post","status-publish","format-standard","hentry","category-musik"],"_links":{"self":[{"href":"http:\/\/blogg.varldenidag.se\/musik\/wp-json\/wp\/v2\/posts\/7620","targetHints":{"allow":["GET"]}}],"collection":[{"href":"http:\/\/blogg.varldenidag.se\/musik\/wp-json\/wp\/v2\/posts"}],"about":[{"href":"http:\/\/blogg.varldenidag.se\/musik\/wp-json\/wp\/v2\/types\/post"}],"author":[{"embeddable":true,"href":"http:\/\/blogg.varldenidag.se\/musik\/wp-json\/wp\/v2\/users\/15"}],"replies":[{"embeddable":true,"href":"http:\/\/blogg.varldenidag.se\/musik\/wp-json\/wp\/v2\/comments?post=7620"}],"version-history":[{"count":3,"href":"http:\/\/blogg.varldenidag.se\/musik\/wp-json\/wp\/v2\/posts\/7620\/revisions"}],"predecessor-version":[{"id":7636,"href":"http:\/\/blogg.varldenidag.se\/musik\/wp-json\/wp\/v2\/posts\/7620\/revisions\/7636"}],"wp:attachment":[{"href":"http:\/\/blogg.varldenidag.se\/musik\/wp-json\/wp\/v2\/media?parent=7620"}],"wp:term":[{"taxonomy":"category","embeddable":true,"href":"http:\/\/blogg.varldenidag.se\/musik\/wp-json\/wp\/v2\/categories?post=7620"},{"taxonomy":"post_tag","embeddable":true,"href":"http:\/\/blogg.varldenidag.se\/musik\/wp-json\/wp\/v2\/tags?post=7620"}],"curies":[{"name":"wp","href":"https:\/\/api.w.org\/{rel}","templated":true}]}}