{"id":7568,"date":"2023-09-03T00:23:56","date_gmt":"2023-09-02T22:23:56","guid":{"rendered":"http:\/\/blogg.varldenidag.se\/musik\/?p=7568"},"modified":"2023-08-22T09:24:57","modified_gmt":"2023-08-22T07:24:57","slug":"latinohit-som-satter-sig-i-huvudet","status":"publish","type":"post","link":"http:\/\/blogg.varldenidag.se\/musik\/latinohit-som-satter-sig-i-huvudet\/","title":{"rendered":"Latinohit som s\u00e4tter sig i huvudet"},"content":{"rendered":"<p><strong>Destiny Marko\u00a0<\/strong>\u00e4r en s\u00e5ngerska fr\u00e5n New York, med r\u00f6tterna i Puerto Rico, och n\u00e4r hon teamar ihop med\u00a0<strong>Angie Rose,\u00a0<\/strong>\u00e4ven hon med r\u00f6tterna i Puerto Rico, samt\u00a0<strong>Ada Betsabe, <\/strong>fr\u00e5n Dominikanska republiken, \u00e4r influenserna fr\u00e5n latinamerika tydliga i deras gemensamma l\u00e5t <em>\u201dLa\u00a0La\u00a0La\u201d<\/em>.<\/p>\n<p>De blandar spanska och engelska och rytmer fr\u00e5n hemlandet med en klistrig refr\u00e4ng som l\u00e5ter som de d\u00e4r l\u00e5tarna som ofta ligger uppe i toppen av topplistorna. Kort sagt: en latinohit av riktigt starkt format!<\/p>\n<p><strong>Spotify-l\u00e4nk:\u00a0<\/strong><a href=\"https:\/\/open.spotify.com\/track\/4rckPCPXflSm6oeZtbyYid?si=52e634ba95ab4b36\">https:\/\/open.spotify.com\/track\/4rckPCPXflSm6oeZtbyYid?si=52e634ba95ab4b36<\/a><\/p>\n<div class=\"video-container\"><iframe loading=\"lazy\" title=\"La La La - Destiny Marko x Angie Rose x Ada Betsab\u00e9 (Video Oficial)\" width=\"500\" height=\"281\" src=\"https:\/\/www.youtube.com\/embed\/rfmh2x3A0zM?feature=oembed\" frameborder=\"0\" allow=\"accelerometer; autoplay; clipboard-write; encrypted-media; gyroscope; picture-in-picture; web-share\" referrerpolicy=\"strict-origin-when-cross-origin\" allowfullscreen><\/iframe><\/div>\n","protected":false},"excerpt":{"rendered":"<p>Destiny Marko\u00a0\u00e4r en s\u00e5ngerska fr\u00e5n New York, med r\u00f6tterna i Puerto Rico, och n\u00e4r hon teamar ihop med\u00a0Angie Rose,\u00a0\u00e4ven hon med r\u00f6tterna i Puerto Rico, samt\u00a0Ada Betsabe, [&hellip;]<\/p>\n","protected":false},"author":15,"featured_media":0,"comment_status":"open","ping_status":"open","sticky":false,"template":"","format":"standard","meta":{"footnotes":"","_links_to":"","_links_to_target":""},"categories":[1],"tags":[],"class_list":["post-7568","post","type-post","status-publish","format-standard","hentry","category-musik"],"_links":{"self":[{"href":"http:\/\/blogg.varldenidag.se\/musik\/wp-json\/wp\/v2\/posts\/7568","targetHints":{"allow":["GET"]}}],"collection":[{"href":"http:\/\/blogg.varldenidag.se\/musik\/wp-json\/wp\/v2\/posts"}],"about":[{"href":"http:\/\/blogg.varldenidag.se\/musik\/wp-json\/wp\/v2\/types\/post"}],"author":[{"embeddable":true,"href":"http:\/\/blogg.varldenidag.se\/musik\/wp-json\/wp\/v2\/users\/15"}],"replies":[{"embeddable":true,"href":"http:\/\/blogg.varldenidag.se\/musik\/wp-json\/wp\/v2\/comments?post=7568"}],"version-history":[{"count":2,"href":"http:\/\/blogg.varldenidag.se\/musik\/wp-json\/wp\/v2\/posts\/7568\/revisions"}],"predecessor-version":[{"id":7583,"href":"http:\/\/blogg.varldenidag.se\/musik\/wp-json\/wp\/v2\/posts\/7568\/revisions\/7583"}],"wp:attachment":[{"href":"http:\/\/blogg.varldenidag.se\/musik\/wp-json\/wp\/v2\/media?parent=7568"}],"wp:term":[{"taxonomy":"category","embeddable":true,"href":"http:\/\/blogg.varldenidag.se\/musik\/wp-json\/wp\/v2\/categories?post=7568"},{"taxonomy":"post_tag","embeddable":true,"href":"http:\/\/blogg.varldenidag.se\/musik\/wp-json\/wp\/v2\/tags?post=7568"}],"curies":[{"name":"wp","href":"https:\/\/api.w.org\/{rel}","templated":true}]}}