{"id":7564,"date":"2023-08-30T00:02:15","date_gmt":"2023-08-29T22:02:15","guid":{"rendered":"http:\/\/blogg.varldenidag.se\/musik\/?p=7564"},"modified":"2023-08-22T09:23:52","modified_gmt":"2023-08-22T07:23:52","slug":"nytt-svenskt-projekt-skanker-hopp-och-liv","status":"publish","type":"post","link":"http:\/\/blogg.varldenidag.se\/musik\/nytt-svenskt-projekt-skanker-hopp-och-liv\/","title":{"rendered":"Nytt svenskt projekt sk\u00e4nker hopp och liv"},"content":{"rendered":"<p>Det nya svenska musikprojektet\u00a0<strong>NORMALT\u00a0<\/strong>vill genom sin musik f\u00f6rmedla hopp, liv och mening och skapa musik som g\u00f6r Jesus k\u00e4nd och upph\u00f6jd. En ganska bra utg\u00e5ngspunkt, eller hur?<\/p>\n<p>Hittills har svenskarna sl\u00e4ppt ett par l\u00e5tar, och det f\u00e5r oss redan att vilja h\u00f6ra mer! F\u00f6rsta singeln \u201dS\u00e5 som i himlen\u201d, skriven av Jerker och Jessica Wedin, \u00e4r exempelvis en riktigt stark svensk l\u00e5t med bra text, i form av en l\u00e5t som bl\u00e4nker starkt p\u00e5 den svenska pop- och lovs\u00e5ngshimlen. Vi gillar det starkt!<\/p>\n<p><strong>Spotify-l\u00e4nk:\u00a0<\/strong><a href=\"https:\/\/open.spotify.com\/track\/5SvbLUGHBgHNBQDKuJKECQ?si=00d741d5297c46f9\">https:\/\/open.spotify.com\/track\/5SvbLUGHBgHNBQDKuJKECQ?si=00d741d5297c46f9<\/a><\/p>\n<div class=\"video-container\"><iframe loading=\"lazy\" title=\"S\u00e5 som i himlen - N O R M A L T\" width=\"500\" height=\"375\" src=\"https:\/\/www.youtube.com\/embed\/itUWSlPplhE?feature=oembed\" frameborder=\"0\" allow=\"accelerometer; autoplay; clipboard-write; encrypted-media; gyroscope; picture-in-picture; web-share\" referrerpolicy=\"strict-origin-when-cross-origin\" allowfullscreen><\/iframe><\/div>\n","protected":false},"excerpt":{"rendered":"<p>Det nya svenska musikprojektet\u00a0NORMALT\u00a0vill genom sin musik f\u00f6rmedla hopp, liv och mening och skapa musik som g\u00f6r Jesus k\u00e4nd och upph\u00f6jd. En ganska bra utg\u00e5ngspunkt, eller hur? [&hellip;]<\/p>\n","protected":false},"author":15,"featured_media":0,"comment_status":"open","ping_status":"open","sticky":false,"template":"","format":"standard","meta":{"footnotes":"","_links_to":"","_links_to_target":""},"categories":[1],"tags":[],"class_list":["post-7564","post","type-post","status-publish","format-standard","hentry","category-musik"],"_links":{"self":[{"href":"http:\/\/blogg.varldenidag.se\/musik\/wp-json\/wp\/v2\/posts\/7564","targetHints":{"allow":["GET"]}}],"collection":[{"href":"http:\/\/blogg.varldenidag.se\/musik\/wp-json\/wp\/v2\/posts"}],"about":[{"href":"http:\/\/blogg.varldenidag.se\/musik\/wp-json\/wp\/v2\/types\/post"}],"author":[{"embeddable":true,"href":"http:\/\/blogg.varldenidag.se\/musik\/wp-json\/wp\/v2\/users\/15"}],"replies":[{"embeddable":true,"href":"http:\/\/blogg.varldenidag.se\/musik\/wp-json\/wp\/v2\/comments?post=7564"}],"version-history":[{"count":2,"href":"http:\/\/blogg.varldenidag.se\/musik\/wp-json\/wp\/v2\/posts\/7564\/revisions"}],"predecessor-version":[{"id":7581,"href":"http:\/\/blogg.varldenidag.se\/musik\/wp-json\/wp\/v2\/posts\/7564\/revisions\/7581"}],"wp:attachment":[{"href":"http:\/\/blogg.varldenidag.se\/musik\/wp-json\/wp\/v2\/media?parent=7564"}],"wp:term":[{"taxonomy":"category","embeddable":true,"href":"http:\/\/blogg.varldenidag.se\/musik\/wp-json\/wp\/v2\/categories?post=7564"},{"taxonomy":"post_tag","embeddable":true,"href":"http:\/\/blogg.varldenidag.se\/musik\/wp-json\/wp\/v2\/tags?post=7564"}],"curies":[{"name":"wp","href":"https:\/\/api.w.org\/{rel}","templated":true}]}}