{"id":7562,"date":"2023-08-28T00:54:50","date_gmt":"2023-08-27T22:54:50","guid":{"rendered":"http:\/\/blogg.varldenidag.se\/musik\/?p=7562"},"modified":"2023-08-22T09:23:25","modified_gmt":"2023-08-22T07:23:25","slug":"jordan-smith-forst-ut-i-nytt-projekt","status":"publish","type":"post","link":"http:\/\/blogg.varldenidag.se\/musik\/jordan-smith-forst-ut-i-nytt-projekt\/","title":{"rendered":"Jordan Smith f\u00f6rst ut i nytt projekt"},"content":{"rendered":"<p><em>\u201dThis is Jesus\u201d\u00a0<\/em>\u00e4r namnet p\u00e5 ett nytt amerikanskt konsert- och lovs\u00e5ngsprojekt som med stora produktioner och v\u00e4lk\u00e4nda artister vill sprida Jesu k\u00e4rlek genom musiken.<\/p>\n<p>Projektet sl\u00e4pper ocks\u00e5 l\u00e5tar digitalt, och f\u00f6rst ut \u00e4r stors\u00e5ngaren\u00a0<strong>Jordan Smith\u00a0<\/strong>som ger oss titelsp\u00e5ret \u201d<em>This is Jesus\u201d \u2013\u00a0<\/em>en riktigt bra l\u00e5t av hit-snitt som s\u00e4tter sig snabbt i huvudet!<\/p>\n<p><strong>Spotify-l\u00e4nk:\u00a0<\/strong><a href=\"https:\/\/open.spotify.com\/track\/6R0xfdP6iUp41Fz7S5kDnk?si=4fe91b75751e4e16\">https:\/\/open.spotify.com\/track\/6R0xfdP6iUp41Fz7S5kDnk?si=4fe91b75751e4e16<\/a><\/p>\n<div class=\"video-container\"><iframe loading=\"lazy\" title=\"THIS IS JESUS feat. Jordan Smith (Official Music Video)\" width=\"500\" height=\"281\" src=\"https:\/\/www.youtube.com\/embed\/Mnx-Uovcv1g?feature=oembed\" frameborder=\"0\" allow=\"accelerometer; autoplay; clipboard-write; encrypted-media; gyroscope; picture-in-picture; web-share\" referrerpolicy=\"strict-origin-when-cross-origin\" allowfullscreen><\/iframe><\/div>\n","protected":false},"excerpt":{"rendered":"<p>\u201dThis is Jesus\u201d\u00a0\u00e4r namnet p\u00e5 ett nytt amerikanskt konsert- och lovs\u00e5ngsprojekt som med stora produktioner och v\u00e4lk\u00e4nda artister vill sprida Jesu k\u00e4rlek genom musiken. Projektet sl\u00e4pper ocks\u00e5 [&hellip;]<\/p>\n","protected":false},"author":15,"featured_media":0,"comment_status":"open","ping_status":"open","sticky":false,"template":"","format":"standard","meta":{"footnotes":"","_links_to":"","_links_to_target":""},"categories":[1],"tags":[],"class_list":["post-7562","post","type-post","status-publish","format-standard","hentry","category-musik"],"_links":{"self":[{"href":"http:\/\/blogg.varldenidag.se\/musik\/wp-json\/wp\/v2\/posts\/7562","targetHints":{"allow":["GET"]}}],"collection":[{"href":"http:\/\/blogg.varldenidag.se\/musik\/wp-json\/wp\/v2\/posts"}],"about":[{"href":"http:\/\/blogg.varldenidag.se\/musik\/wp-json\/wp\/v2\/types\/post"}],"author":[{"embeddable":true,"href":"http:\/\/blogg.varldenidag.se\/musik\/wp-json\/wp\/v2\/users\/15"}],"replies":[{"embeddable":true,"href":"http:\/\/blogg.varldenidag.se\/musik\/wp-json\/wp\/v2\/comments?post=7562"}],"version-history":[{"count":2,"href":"http:\/\/blogg.varldenidag.se\/musik\/wp-json\/wp\/v2\/posts\/7562\/revisions"}],"predecessor-version":[{"id":7580,"href":"http:\/\/blogg.varldenidag.se\/musik\/wp-json\/wp\/v2\/posts\/7562\/revisions\/7580"}],"wp:attachment":[{"href":"http:\/\/blogg.varldenidag.se\/musik\/wp-json\/wp\/v2\/media?parent=7562"}],"wp:term":[{"taxonomy":"category","embeddable":true,"href":"http:\/\/blogg.varldenidag.se\/musik\/wp-json\/wp\/v2\/categories?post=7562"},{"taxonomy":"post_tag","embeddable":true,"href":"http:\/\/blogg.varldenidag.se\/musik\/wp-json\/wp\/v2\/tags?post=7562"}],"curies":[{"name":"wp","href":"https:\/\/api.w.org\/{rel}","templated":true}]}}