{"id":7560,"date":"2023-08-26T00:48:54","date_gmt":"2023-08-25T22:48:54","guid":{"rendered":"http:\/\/blogg.varldenidag.se\/musik\/?p=7560"},"modified":"2023-08-22T09:22:58","modified_gmt":"2023-08-22T07:22:58","slug":"wickham-tillbaka-med-nytt-album","status":"publish","type":"post","link":"http:\/\/blogg.varldenidag.se\/musik\/wickham-tillbaka-med-nytt-album\/","title":{"rendered":"Wickham tillbaka med nytt album"},"content":{"rendered":"<p><strong>Phil Wickham<\/strong> och ett ny musik \u00e4r alltid en bra kombo! S\u00e5 \u00e4ven denna g\u00e5ng. Mannen med den silkeslena r\u00f6sten och den otroliga f\u00f6rm\u00e5gan att skriva ber\u00f6rande texter fyller sitt album <em>\u201dI believe\u201d<\/em> med en l\u00e5ng radda av starka l\u00e5tar, som det vackra <strong>Naomi Raine<\/strong>-samarbetet <em>\u201dHoly moment\u201d<\/em>, <em>\u201dCreator\u201d<\/em> och <em>\u201dSunday coming\u201d<\/em>.<\/p>\n<p>Ett riktigt bra album du b\u00f6r spana in i sin helhet!<\/p>\n<div class=\"video-container\"><iframe loading=\"lazy\" title=\"Phil Wickham - Holy Moment (ft. Naomi Raine)[Official Audio]\" width=\"500\" height=\"281\" src=\"https:\/\/www.youtube.com\/embed\/k8CAZvEAVYc?feature=oembed\" frameborder=\"0\" allow=\"accelerometer; autoplay; clipboard-write; encrypted-media; gyroscope; picture-in-picture; web-share\" referrerpolicy=\"strict-origin-when-cross-origin\" allowfullscreen><\/iframe><\/div>\n","protected":false},"excerpt":{"rendered":"<p>Phil Wickham och ett ny musik \u00e4r alltid en bra kombo! S\u00e5 \u00e4ven denna g\u00e5ng. Mannen med den silkeslena r\u00f6sten och den otroliga f\u00f6rm\u00e5gan att skriva ber\u00f6rande [&hellip;]<\/p>\n","protected":false},"author":15,"featured_media":0,"comment_status":"open","ping_status":"open","sticky":false,"template":"","format":"standard","meta":{"footnotes":"","_links_to":"","_links_to_target":""},"categories":[1],"tags":[],"class_list":["post-7560","post","type-post","status-publish","format-standard","hentry","category-musik"],"_links":{"self":[{"href":"http:\/\/blogg.varldenidag.se\/musik\/wp-json\/wp\/v2\/posts\/7560","targetHints":{"allow":["GET"]}}],"collection":[{"href":"http:\/\/blogg.varldenidag.se\/musik\/wp-json\/wp\/v2\/posts"}],"about":[{"href":"http:\/\/blogg.varldenidag.se\/musik\/wp-json\/wp\/v2\/types\/post"}],"author":[{"embeddable":true,"href":"http:\/\/blogg.varldenidag.se\/musik\/wp-json\/wp\/v2\/users\/15"}],"replies":[{"embeddable":true,"href":"http:\/\/blogg.varldenidag.se\/musik\/wp-json\/wp\/v2\/comments?post=7560"}],"version-history":[{"count":2,"href":"http:\/\/blogg.varldenidag.se\/musik\/wp-json\/wp\/v2\/posts\/7560\/revisions"}],"predecessor-version":[{"id":7579,"href":"http:\/\/blogg.varldenidag.se\/musik\/wp-json\/wp\/v2\/posts\/7560\/revisions\/7579"}],"wp:attachment":[{"href":"http:\/\/blogg.varldenidag.se\/musik\/wp-json\/wp\/v2\/media?parent=7560"}],"wp:term":[{"taxonomy":"category","embeddable":true,"href":"http:\/\/blogg.varldenidag.se\/musik\/wp-json\/wp\/v2\/categories?post=7560"},{"taxonomy":"post_tag","embeddable":true,"href":"http:\/\/blogg.varldenidag.se\/musik\/wp-json\/wp\/v2\/tags?post=7560"}],"curies":[{"name":"wp","href":"https:\/\/api.w.org\/{rel}","templated":true}]}}