{"id":7540,"date":"2023-06-27T00:38:16","date_gmt":"2023-06-26T22:38:16","guid":{"rendered":"http:\/\/blogg.varldenidag.se\/musik\/?p=7540"},"modified":"2023-06-19T09:33:14","modified_gmt":"2023-06-19T07:33:14","slug":"ny-lovsangs-ep-fran-orebro","status":"publish","type":"post","link":"http:\/\/blogg.varldenidag.se\/musik\/ny-lovsangs-ep-fran-orebro\/","title":{"rendered":"Ny lovs\u00e5ngs-EP fr\u00e5n \u00d6rebro"},"content":{"rendered":"<p><strong>Pingst \u00d6rebro<\/strong> ansluter sig nu under namnet <strong>Elim!\u00a0<\/strong>till skaran av svenska f\u00f6rsamlingar som v\u00e4ljer att sl\u00e4ppa ny svensk lovs\u00e5ng fr\u00e5n de egna leden. \u201dAndas \u00f6ver oss\u201d heter en f\u00e4rsk liveinspelad EP som bjuder oss p\u00e5 fyra nya lovs\u00e5nger med bland andra <strong>Mathias Ekelyck<\/strong> och <strong>Clara Liljestrand<\/strong> vid mikrofonerna.<\/p>\n<p><strong>Spotify-l\u00e4nk:\u00a0<\/strong><a href=\"https:\/\/open.spotify.com\/track\/3kc5rS9Zj3Tfw5WAUOWSFF?si=3858bf41de0247bd\">https:\/\/open.spotify.com\/track\/3kc5rS9Zj3Tfw5WAUOWSFF?si=3858bf41de0247bd<\/a><\/p>\n<div class=\"video-container\"><iframe loading=\"lazy\" title=\"Bevisat (live)\" width=\"500\" height=\"375\" src=\"https:\/\/www.youtube.com\/embed\/xdLQcpKBYkg?feature=oembed\" frameborder=\"0\" allow=\"accelerometer; autoplay; clipboard-write; encrypted-media; gyroscope; picture-in-picture; web-share\" referrerpolicy=\"strict-origin-when-cross-origin\" allowfullscreen><\/iframe><\/div>\n","protected":false},"excerpt":{"rendered":"<p>Pingst \u00d6rebro ansluter sig nu under namnet Elim!\u00a0till skaran av svenska f\u00f6rsamlingar som v\u00e4ljer att sl\u00e4ppa ny svensk lovs\u00e5ng fr\u00e5n de egna leden. \u201dAndas \u00f6ver oss\u201d heter [&hellip;]<\/p>\n","protected":false},"author":15,"featured_media":0,"comment_status":"open","ping_status":"open","sticky":false,"template":"","format":"standard","meta":{"footnotes":"","_links_to":"","_links_to_target":""},"categories":[1],"tags":[],"class_list":["post-7540","post","type-post","status-publish","format-standard","hentry","category-musik"],"_links":{"self":[{"href":"http:\/\/blogg.varldenidag.se\/musik\/wp-json\/wp\/v2\/posts\/7540","targetHints":{"allow":["GET"]}}],"collection":[{"href":"http:\/\/blogg.varldenidag.se\/musik\/wp-json\/wp\/v2\/posts"}],"about":[{"href":"http:\/\/blogg.varldenidag.se\/musik\/wp-json\/wp\/v2\/types\/post"}],"author":[{"embeddable":true,"href":"http:\/\/blogg.varldenidag.se\/musik\/wp-json\/wp\/v2\/users\/15"}],"replies":[{"embeddable":true,"href":"http:\/\/blogg.varldenidag.se\/musik\/wp-json\/wp\/v2\/comments?post=7540"}],"version-history":[{"count":3,"href":"http:\/\/blogg.varldenidag.se\/musik\/wp-json\/wp\/v2\/posts\/7540\/revisions"}],"predecessor-version":[{"id":7550,"href":"http:\/\/blogg.varldenidag.se\/musik\/wp-json\/wp\/v2\/posts\/7540\/revisions\/7550"}],"wp:attachment":[{"href":"http:\/\/blogg.varldenidag.se\/musik\/wp-json\/wp\/v2\/media?parent=7540"}],"wp:term":[{"taxonomy":"category","embeddable":true,"href":"http:\/\/blogg.varldenidag.se\/musik\/wp-json\/wp\/v2\/categories?post=7540"},{"taxonomy":"post_tag","embeddable":true,"href":"http:\/\/blogg.varldenidag.se\/musik\/wp-json\/wp\/v2\/tags?post=7540"}],"curies":[{"name":"wp","href":"https:\/\/api.w.org\/{rel}","templated":true}]}}