{"id":7513,"date":"2023-06-01T00:03:34","date_gmt":"2023-05-31T22:03:34","guid":{"rendered":"http:\/\/blogg.varldenidag.se\/musik\/?p=7513"},"modified":"2023-05-30T14:30:04","modified_gmt":"2023-05-30T12:30:04","slug":"redo-for-sommaren","status":"publish","type":"post","link":"http:\/\/blogg.varldenidag.se\/musik\/redo-for-sommaren\/","title":{"rendered":"Redo f\u00f6r sommaren?"},"content":{"rendered":"<p>\u00c4r du redo f\u00f6r sommaren? Bra! F\u00f6r det \u00e4r vi ocks\u00e5. Vi har laddat upp med flera spellistor som har just sommaren i fokus, och en av den \u00e4r v\u00e5r stora lista Summervibes 2023 \u2013 som uppdateras hela sommaren l\u00e5ng med de b\u00e4sta nya sl\u00e4ppen. Det perfekta s\u00e4llskapet hela sommaren helt enkelt!<\/p>\n<div class=\"video-container\"><iframe title=\"Spotify Embed: Summervibes 2024\" style=\"border-radius: 12px\" width=\"100%\" height=\"352\" frameborder=\"0\" allowfullscreen allow=\"autoplay; clipboard-write; encrypted-media; fullscreen; picture-in-picture\" loading=\"lazy\" src=\"https:\/\/open.spotify.com\/embed\/playlist\/64VrW1RAugIOtVArmRjVBs?si=1cf1e9fcfb384f57&#038;utm_source=oembed\"><\/iframe><\/div>\n","protected":false},"excerpt":{"rendered":"<p>\u00c4r du redo f\u00f6r sommaren? Bra! F\u00f6r det \u00e4r vi ocks\u00e5. Vi har laddat upp med flera spellistor som har just sommaren i fokus, och en av [&hellip;]<\/p>\n","protected":false},"author":15,"featured_media":0,"comment_status":"open","ping_status":"open","sticky":false,"template":"","format":"standard","meta":{"footnotes":"","_links_to":"","_links_to_target":""},"categories":[1],"tags":[],"class_list":["post-7513","post","type-post","status-publish","format-standard","hentry","category-musik"],"_links":{"self":[{"href":"http:\/\/blogg.varldenidag.se\/musik\/wp-json\/wp\/v2\/posts\/7513","targetHints":{"allow":["GET"]}}],"collection":[{"href":"http:\/\/blogg.varldenidag.se\/musik\/wp-json\/wp\/v2\/posts"}],"about":[{"href":"http:\/\/blogg.varldenidag.se\/musik\/wp-json\/wp\/v2\/types\/post"}],"author":[{"embeddable":true,"href":"http:\/\/blogg.varldenidag.se\/musik\/wp-json\/wp\/v2\/users\/15"}],"replies":[{"embeddable":true,"href":"http:\/\/blogg.varldenidag.se\/musik\/wp-json\/wp\/v2\/comments?post=7513"}],"version-history":[{"count":2,"href":"http:\/\/blogg.varldenidag.se\/musik\/wp-json\/wp\/v2\/posts\/7513\/revisions"}],"predecessor-version":[{"id":7522,"href":"http:\/\/blogg.varldenidag.se\/musik\/wp-json\/wp\/v2\/posts\/7513\/revisions\/7522"}],"wp:attachment":[{"href":"http:\/\/blogg.varldenidag.se\/musik\/wp-json\/wp\/v2\/media?parent=7513"}],"wp:term":[{"taxonomy":"category","embeddable":true,"href":"http:\/\/blogg.varldenidag.se\/musik\/wp-json\/wp\/v2\/categories?post=7513"},{"taxonomy":"post_tag","embeddable":true,"href":"http:\/\/blogg.varldenidag.se\/musik\/wp-json\/wp\/v2\/tags?post=7513"}],"curies":[{"name":"wp","href":"https:\/\/api.w.org\/{rel}","templated":true}]}}