{"id":7503,"date":"2023-06-06T00:41:56","date_gmt":"2023-06-05T22:41:56","guid":{"rendered":"http:\/\/blogg.varldenidag.se\/musik\/?p=7503"},"modified":"2023-05-30T14:31:41","modified_gmt":"2023-05-30T12:31:41","slug":"peppande-budskap-pa-ny-svensk-lat","status":"publish","type":"post","link":"http:\/\/blogg.varldenidag.se\/musik\/peppande-budskap-pa-ny-svensk-lat\/","title":{"rendered":"Peppande budskap p\u00e5 ny svensk l\u00e5t"},"content":{"rendered":"<p>Alla faller vi i livet i olika h\u00e5l, och kan behlva lite pepp- och hejarop. Det \u00e4r budskapet p\u00e5 den nya l\u00e5ten \u201dKom igen vi hejar p\u00e5 dej\u201d, signerad Elisabeth Andersson tillsammans med Johannes H\u00e4ger. L\u00e5ten bjuder p\u00e5 h\u00f6g energi och just det som Elisabeth vill f\u00f6rmedla \u2013 pepp! Perfekt l\u00e5t att dela med n\u00e5gon som beh\u00f6ver h\u00f6ra just det.<\/p>\n<p style=\"font-weight: 400;\"><strong>Spotify-l\u00e4nk:\u00a0<\/strong><a href=\"https:\/\/open.spotify.com\/track\/6F0nI3rNdQSZ1AbHbLdQWZ?si=2464002c06a74d65\">https:\/\/open.spotify.com\/track\/6F0nI3rNdQSZ1AbHbLdQWZ?si=2464002c06a74d65<\/a><\/p>\n<div class=\"video-container\"><iframe loading=\"lazy\" title=\"Kom Igen Vi Hejar P\u00e5 Dej\" width=\"500\" height=\"375\" src=\"https:\/\/www.youtube.com\/embed\/K2rzEfOWLvI?feature=oembed\" frameborder=\"0\" allow=\"accelerometer; autoplay; clipboard-write; encrypted-media; gyroscope; picture-in-picture; web-share\" referrerpolicy=\"strict-origin-when-cross-origin\" allowfullscreen><\/iframe><\/div>\n","protected":false},"excerpt":{"rendered":"<p>Alla faller vi i livet i olika h\u00e5l, och kan behlva lite pepp- och hejarop. Det \u00e4r budskapet p\u00e5 den nya l\u00e5ten \u201dKom igen vi hejar p\u00e5 [&hellip;]<\/p>\n","protected":false},"author":15,"featured_media":0,"comment_status":"open","ping_status":"open","sticky":false,"template":"","format":"standard","meta":{"footnotes":"","_links_to":"","_links_to_target":""},"categories":[1],"tags":[],"class_list":["post-7503","post","type-post","status-publish","format-standard","hentry","category-musik"],"_links":{"self":[{"href":"http:\/\/blogg.varldenidag.se\/musik\/wp-json\/wp\/v2\/posts\/7503","targetHints":{"allow":["GET"]}}],"collection":[{"href":"http:\/\/blogg.varldenidag.se\/musik\/wp-json\/wp\/v2\/posts"}],"about":[{"href":"http:\/\/blogg.varldenidag.se\/musik\/wp-json\/wp\/v2\/types\/post"}],"author":[{"embeddable":true,"href":"http:\/\/blogg.varldenidag.se\/musik\/wp-json\/wp\/v2\/users\/15"}],"replies":[{"embeddable":true,"href":"http:\/\/blogg.varldenidag.se\/musik\/wp-json\/wp\/v2\/comments?post=7503"}],"version-history":[{"count":2,"href":"http:\/\/blogg.varldenidag.se\/musik\/wp-json\/wp\/v2\/posts\/7503\/revisions"}],"predecessor-version":[{"id":7525,"href":"http:\/\/blogg.varldenidag.se\/musik\/wp-json\/wp\/v2\/posts\/7503\/revisions\/7525"}],"wp:attachment":[{"href":"http:\/\/blogg.varldenidag.se\/musik\/wp-json\/wp\/v2\/media?parent=7503"}],"wp:term":[{"taxonomy":"category","embeddable":true,"href":"http:\/\/blogg.varldenidag.se\/musik\/wp-json\/wp\/v2\/categories?post=7503"},{"taxonomy":"post_tag","embeddable":true,"href":"http:\/\/blogg.varldenidag.se\/musik\/wp-json\/wp\/v2\/tags?post=7503"}],"curies":[{"name":"wp","href":"https:\/\/api.w.org\/{rel}","templated":true}]}}