{"id":7475,"date":"2023-05-23T00:02:42","date_gmt":"2023-05-22T22:02:42","guid":{"rendered":"http:\/\/blogg.varldenidag.se\/musik\/?p=7475"},"modified":"2023-05-11T09:54:36","modified_gmt":"2023-05-11T07:54:36","slug":"en-poppig-boonstra-imponerar","status":"publish","type":"post","link":"http:\/\/blogg.varldenidag.se\/musik\/en-poppig-boonstra-imponerar\/","title":{"rendered":"En poppig Boonstra imponerar"},"content":{"rendered":"<p>Gillar du pop, indie och musik fr\u00e5n artister som\u00a0<strong>First Aid Kit\u00a0<\/strong>och\u00a0<strong>Taylor Swift?\u00a0<\/strong>D\u00e5 ska du definitivt lyssna in\u00a0<strong>Tina Boonstra!\u00a0<\/strong>Det k\u00e4nns lite or\u00e4ttvist att konstatera att den h\u00e4r stora musikaliska talangen \u201dbara\u201d har dryga 14\u00a0000 lyssnare varje m\u00e5nad p\u00e5 Spotify, f\u00f6r det h\u00e4r \u00e4r en artist med kapacitet ut\u00f6ver det vanliga och som f\u00f6rtj\u00e4nar mycket mer \u00e4n s\u00e5.<\/p>\n<p>Hennes egenskrivna \u201dMartha\u201d \u00e4r sj\u00e4lvaste diamanten i hennes nybakta albumt\u00e5rta \u2013 och en av m\u00e5nga starka anledningar att lyssna in henne p\u00e5 st\u00f6rt!<\/p>\n<p><strong>Spotify-l\u00e4nk:\u00a0<\/strong><a href=\"https:\/\/open.spotify.com\/track\/2LrvsBDXssVdIqN4BCwICG?si=5827ea885d3d45f4\">https:\/\/open.spotify.com\/track\/2LrvsBDXssVdIqN4BCwICG?si=5827ea885d3d45f4<\/a><\/p>\n<div class=\"video-container\"><iframe loading=\"lazy\" title=\"Martha\" width=\"500\" height=\"375\" src=\"https:\/\/www.youtube.com\/embed\/EzvIvvb-sgU?feature=oembed\" frameborder=\"0\" allow=\"accelerometer; autoplay; clipboard-write; encrypted-media; gyroscope; picture-in-picture; web-share\" referrerpolicy=\"strict-origin-when-cross-origin\" allowfullscreen><\/iframe><\/div>\n","protected":false},"excerpt":{"rendered":"<p>Gillar du pop, indie och musik fr\u00e5n artister som\u00a0First Aid Kit\u00a0och\u00a0Taylor Swift?\u00a0D\u00e5 ska du definitivt lyssna in\u00a0Tina Boonstra!\u00a0Det k\u00e4nns lite or\u00e4ttvist att konstatera att den h\u00e4r stora [&hellip;]<\/p>\n","protected":false},"author":15,"featured_media":0,"comment_status":"open","ping_status":"open","sticky":false,"template":"","format":"standard","meta":{"footnotes":"","_links_to":"","_links_to_target":""},"categories":[1],"tags":[],"class_list":["post-7475","post","type-post","status-publish","format-standard","hentry","category-musik"],"_links":{"self":[{"href":"http:\/\/blogg.varldenidag.se\/musik\/wp-json\/wp\/v2\/posts\/7475","targetHints":{"allow":["GET"]}}],"collection":[{"href":"http:\/\/blogg.varldenidag.se\/musik\/wp-json\/wp\/v2\/posts"}],"about":[{"href":"http:\/\/blogg.varldenidag.se\/musik\/wp-json\/wp\/v2\/types\/post"}],"author":[{"embeddable":true,"href":"http:\/\/blogg.varldenidag.se\/musik\/wp-json\/wp\/v2\/users\/15"}],"replies":[{"embeddable":true,"href":"http:\/\/blogg.varldenidag.se\/musik\/wp-json\/wp\/v2\/comments?post=7475"}],"version-history":[{"count":3,"href":"http:\/\/blogg.varldenidag.se\/musik\/wp-json\/wp\/v2\/posts\/7475\/revisions"}],"predecessor-version":[{"id":7487,"href":"http:\/\/blogg.varldenidag.se\/musik\/wp-json\/wp\/v2\/posts\/7475\/revisions\/7487"}],"wp:attachment":[{"href":"http:\/\/blogg.varldenidag.se\/musik\/wp-json\/wp\/v2\/media?parent=7475"}],"wp:term":[{"taxonomy":"category","embeddable":true,"href":"http:\/\/blogg.varldenidag.se\/musik\/wp-json\/wp\/v2\/categories?post=7475"},{"taxonomy":"post_tag","embeddable":true,"href":"http:\/\/blogg.varldenidag.se\/musik\/wp-json\/wp\/v2\/tags?post=7475"}],"curies":[{"name":"wp","href":"https:\/\/api.w.org\/{rel}","templated":true}]}}