{"id":7473,"date":"2023-05-21T00:58:19","date_gmt":"2023-05-20T22:58:19","guid":{"rendered":"http:\/\/blogg.varldenidag.se\/musik\/?p=7473"},"modified":"2023-05-11T09:54:02","modified_gmt":"2023-05-11T07:54:02","slug":"vardstedt-tillbaka-med-nytt-material","status":"publish","type":"post","link":"http:\/\/blogg.varldenidag.se\/musik\/vardstedt-tillbaka-med-nytt-material\/","title":{"rendered":"V\u00e5rdstedt tillbaka med nytt material"},"content":{"rendered":"<p>Det har g\u00e5tt ett litet slag sedan\u00a0<strong>Clas V\u00e5rdstedt\u00a0<\/strong>sl\u00e4ppte ny musik, men nu \u00e4r han \u00e4ntligen tillbaka med nytt material. Med sig vid sin sida har han \u00e4ven\u00a0<strong>Erik Tilling\u00a0<\/strong>och\u00a0<strong>Viktor Olofsson,\u00a0<\/strong>och tillsammans bjuder de p\u00e5 den avkopplande l\u00e5ten \u201dI tryggt f\u00f6rvar\u201d.<\/p>\n<p>L\u00e5ten fungerar lite som en tillbakablick p\u00e5\u00a0<strong>Clas\u00a0<\/strong>50-\u00e5riga liv, och bjuder i sann\u00a0<strong>Clas-<\/strong>anda p\u00e5 en text med djup resonans och t\u00e4nkv\u00e4rdhet.<\/p>\n<p><strong>Spotify-l\u00e4nk:\u00a0<\/strong><a href=\"https:\/\/open.spotify.com\/track\/2OvEJyOcbaYM07NlvT7heN?si=b28ddc4789e148a0\">https:\/\/open.spotify.com\/track\/2OvEJyOcbaYM07NlvT7heN?si=b28ddc4789e148a0<\/a><\/p>\n<div class=\"video-container\"><iframe loading=\"lazy\" title=\"I tryggt fo\u0308rvar\" width=\"500\" height=\"375\" src=\"https:\/\/www.youtube.com\/embed\/kAqWiAVzzFo?feature=oembed\" frameborder=\"0\" allow=\"accelerometer; autoplay; clipboard-write; encrypted-media; gyroscope; picture-in-picture; web-share\" referrerpolicy=\"strict-origin-when-cross-origin\" allowfullscreen><\/iframe><\/div>\n","protected":false},"excerpt":{"rendered":"<p>Det har g\u00e5tt ett litet slag sedan\u00a0Clas V\u00e5rdstedt\u00a0sl\u00e4ppte ny musik, men nu \u00e4r han \u00e4ntligen tillbaka med nytt material. Med sig vid sin sida har han \u00e4ven\u00a0Erik [&hellip;]<\/p>\n","protected":false},"author":15,"featured_media":0,"comment_status":"open","ping_status":"open","sticky":false,"template":"","format":"standard","meta":{"footnotes":"","_links_to":"","_links_to_target":""},"categories":[1],"tags":[],"class_list":["post-7473","post","type-post","status-publish","format-standard","hentry","category-musik"],"_links":{"self":[{"href":"http:\/\/blogg.varldenidag.se\/musik\/wp-json\/wp\/v2\/posts\/7473","targetHints":{"allow":["GET"]}}],"collection":[{"href":"http:\/\/blogg.varldenidag.se\/musik\/wp-json\/wp\/v2\/posts"}],"about":[{"href":"http:\/\/blogg.varldenidag.se\/musik\/wp-json\/wp\/v2\/types\/post"}],"author":[{"embeddable":true,"href":"http:\/\/blogg.varldenidag.se\/musik\/wp-json\/wp\/v2\/users\/15"}],"replies":[{"embeddable":true,"href":"http:\/\/blogg.varldenidag.se\/musik\/wp-json\/wp\/v2\/comments?post=7473"}],"version-history":[{"count":2,"href":"http:\/\/blogg.varldenidag.se\/musik\/wp-json\/wp\/v2\/posts\/7473\/revisions"}],"predecessor-version":[{"id":7485,"href":"http:\/\/blogg.varldenidag.se\/musik\/wp-json\/wp\/v2\/posts\/7473\/revisions\/7485"}],"wp:attachment":[{"href":"http:\/\/blogg.varldenidag.se\/musik\/wp-json\/wp\/v2\/media?parent=7473"}],"wp:term":[{"taxonomy":"category","embeddable":true,"href":"http:\/\/blogg.varldenidag.se\/musik\/wp-json\/wp\/v2\/categories?post=7473"},{"taxonomy":"post_tag","embeddable":true,"href":"http:\/\/blogg.varldenidag.se\/musik\/wp-json\/wp\/v2\/tags?post=7473"}],"curies":[{"name":"wp","href":"https:\/\/api.w.org\/{rel}","templated":true}]}}