{"id":7471,"date":"2023-05-19T00:50:13","date_gmt":"2023-05-18T22:50:13","guid":{"rendered":"http:\/\/blogg.varldenidag.se\/musik\/?p=7471"},"modified":"2023-05-22T11:47:44","modified_gmt":"2023-05-22T09:47:44","slug":"paul-zach-charmar-sig-rakt-in-i-hjartat","status":"publish","type":"post","link":"http:\/\/blogg.varldenidag.se\/musik\/paul-zach-charmar-sig-rakt-in-i-hjartat\/","title":{"rendered":"Paul Zach charmar sig rakt in i hj\u00e4rtat"},"content":{"rendered":"<p>Med b\u00e5de andras hymner och egna s\u00e5nger har singer\/songwritern\u00a0<strong>Paul Zach\u00a0<\/strong>en alldeles enast\u00e5ende f\u00f6rm\u00e5ga att f\u00e5nga lyssnarens uppm\u00e4rksamhet, med charm, gl\u00e4dje och sv\u00e4ng. Alla de ingredienserna finns \u00e4ven med p\u00e5 hans egenskrivna nya bidrag till sommarens musikaliska flora \u2013 \u201dBeautiful World\u201d.<\/p>\n<p>Det \u00e4r nog helt om\u00f6jligt att\u00a0<em>inte\u00a0<\/em>\u00e4lska den h\u00e4r l\u00e5ten, som bjussar p\u00e5 sk\u00f6nt gung som vi \u00e4r vana vid att h\u00f6ra fr\u00e5n artister som\u00a0<strong>Jason Mraz\u00a0<\/strong>och\u00a0<strong>Passenger.\u00a0<\/strong>Missa inte \u2013 en mycket het kandidat till att bli en riktig sommarpl\u00e5ga!<\/p>\n<p><strong>Spotify-l\u00e4nk:\u00a0<\/strong><a href=\"https:\/\/open.spotify.com\/track\/3nX7nd1EKBg2nIIu0UCbLR?si=81374c9df6bf4efd\">https:\/\/open.spotify.com\/track\/3nX7nd1EKBg2nIIu0UCbLR?si=81374c9df6bf4efd<\/a><\/p>\n<div class=\"video-container\"><iframe loading=\"lazy\" title=\"Beautiful World\" width=\"500\" height=\"375\" src=\"https:\/\/www.youtube.com\/embed\/V74v5i8fKYM?feature=oembed\" frameborder=\"0\" allow=\"accelerometer; autoplay; clipboard-write; encrypted-media; gyroscope; picture-in-picture; web-share\" referrerpolicy=\"strict-origin-when-cross-origin\" allowfullscreen><\/iframe><\/div>\n","protected":false},"excerpt":{"rendered":"<p>Med b\u00e5de andras hymner och egna s\u00e5nger har singer\/songwritern\u00a0Paul Zach\u00a0en alldeles enast\u00e5ende f\u00f6rm\u00e5ga att f\u00e5nga lyssnarens uppm\u00e4rksamhet, med charm, gl\u00e4dje och sv\u00e4ng. Alla de ingredienserna finns \u00e4ven [&hellip;]<\/p>\n","protected":false},"author":15,"featured_media":0,"comment_status":"open","ping_status":"open","sticky":false,"template":"","format":"standard","meta":{"footnotes":"","_links_to":"","_links_to_target":""},"categories":[1],"tags":[],"class_list":["post-7471","post","type-post","status-publish","format-standard","hentry","category-musik"],"_links":{"self":[{"href":"http:\/\/blogg.varldenidag.se\/musik\/wp-json\/wp\/v2\/posts\/7471","targetHints":{"allow":["GET"]}}],"collection":[{"href":"http:\/\/blogg.varldenidag.se\/musik\/wp-json\/wp\/v2\/posts"}],"about":[{"href":"http:\/\/blogg.varldenidag.se\/musik\/wp-json\/wp\/v2\/types\/post"}],"author":[{"embeddable":true,"href":"http:\/\/blogg.varldenidag.se\/musik\/wp-json\/wp\/v2\/users\/15"}],"replies":[{"embeddable":true,"href":"http:\/\/blogg.varldenidag.se\/musik\/wp-json\/wp\/v2\/comments?post=7471"}],"version-history":[{"count":3,"href":"http:\/\/blogg.varldenidag.se\/musik\/wp-json\/wp\/v2\/posts\/7471\/revisions"}],"predecessor-version":[{"id":7488,"href":"http:\/\/blogg.varldenidag.se\/musik\/wp-json\/wp\/v2\/posts\/7471\/revisions\/7488"}],"wp:attachment":[{"href":"http:\/\/blogg.varldenidag.se\/musik\/wp-json\/wp\/v2\/media?parent=7471"}],"wp:term":[{"taxonomy":"category","embeddable":true,"href":"http:\/\/blogg.varldenidag.se\/musik\/wp-json\/wp\/v2\/categories?post=7471"},{"taxonomy":"post_tag","embeddable":true,"href":"http:\/\/blogg.varldenidag.se\/musik\/wp-json\/wp\/v2\/tags?post=7471"}],"curies":[{"name":"wp","href":"https:\/\/api.w.org\/{rel}","templated":true}]}}