{"id":7447,"date":"2023-05-10T00:10:52","date_gmt":"2023-05-09T22:10:52","guid":{"rendered":"http:\/\/blogg.varldenidag.se\/musik\/?p=7447"},"modified":"2023-04-21T10:18:37","modified_gmt":"2023-04-21T08:18:37","slug":"spellistan-med-ny-kristen-musik","status":"publish","type":"post","link":"http:\/\/blogg.varldenidag.se\/musik\/spellistan-med-ny-kristen-musik\/","title":{"rendered":"Spellistan med NY kristen musik!"},"content":{"rendered":"<p>Vill du alltid vara uppdaterad p\u00e5 NY, f\u00e4rsk kristen musik? Med v\u00e5r spellista\u00a0<strong>Fresh\u00a0<\/strong>genoms\u00f6ker vi musik fr\u00e5n hela v\u00e4rlden, i alla genrer, och v\u00e4ljer ut det b\u00e4sta av det senaste till denna magnifika spellista. Som en uppslagsbok till de som alltid vill vara f\u00f6rst med det senaste och det b\u00e4sta just nu!<\/p>\n<p>F\u00f6lj spellistan f\u00f6r att inte missa n\u00e5gra releaser \u2013 och bes\u00f6k Soundshine p\u00e5 Spotify f\u00f6r en V\u00c4RLD av spellistor!<\/p>\n<div class=\"video-container\"><iframe title=\"Spotify Embed: Fresh\" style=\"border-radius: 12px\" width=\"100%\" height=\"352\" frameborder=\"0\" allowfullscreen allow=\"autoplay; clipboard-write; encrypted-media; fullscreen; picture-in-picture\" loading=\"lazy\" src=\"https:\/\/open.spotify.com\/embed\/playlist\/1xgsQgd3vFbQD0FNYOGLrG?si=4bafcf2a39e5486f&#038;utm_source=oembed\"><\/iframe><\/div>\n","protected":false},"excerpt":{"rendered":"<p>Vill du alltid vara uppdaterad p\u00e5 NY, f\u00e4rsk kristen musik? Med v\u00e5r spellista\u00a0Fresh\u00a0genoms\u00f6ker vi musik fr\u00e5n hela v\u00e4rlden, i alla genrer, och v\u00e4ljer ut det b\u00e4sta av [&hellip;]<\/p>\n","protected":false},"author":15,"featured_media":0,"comment_status":"open","ping_status":"open","sticky":false,"template":"","format":"standard","meta":{"footnotes":"","_links_to":"","_links_to_target":""},"categories":[1],"tags":[],"class_list":["post-7447","post","type-post","status-publish","format-standard","hentry","category-musik"],"_links":{"self":[{"href":"http:\/\/blogg.varldenidag.se\/musik\/wp-json\/wp\/v2\/posts\/7447","targetHints":{"allow":["GET"]}}],"collection":[{"href":"http:\/\/blogg.varldenidag.se\/musik\/wp-json\/wp\/v2\/posts"}],"about":[{"href":"http:\/\/blogg.varldenidag.se\/musik\/wp-json\/wp\/v2\/types\/post"}],"author":[{"embeddable":true,"href":"http:\/\/blogg.varldenidag.se\/musik\/wp-json\/wp\/v2\/users\/15"}],"replies":[{"embeddable":true,"href":"http:\/\/blogg.varldenidag.se\/musik\/wp-json\/wp\/v2\/comments?post=7447"}],"version-history":[{"count":2,"href":"http:\/\/blogg.varldenidag.se\/musik\/wp-json\/wp\/v2\/posts\/7447\/revisions"}],"predecessor-version":[{"id":7462,"href":"http:\/\/blogg.varldenidag.se\/musik\/wp-json\/wp\/v2\/posts\/7447\/revisions\/7462"}],"wp:attachment":[{"href":"http:\/\/blogg.varldenidag.se\/musik\/wp-json\/wp\/v2\/media?parent=7447"}],"wp:term":[{"taxonomy":"category","embeddable":true,"href":"http:\/\/blogg.varldenidag.se\/musik\/wp-json\/wp\/v2\/categories?post=7447"},{"taxonomy":"post_tag","embeddable":true,"href":"http:\/\/blogg.varldenidag.se\/musik\/wp-json\/wp\/v2\/tags?post=7447"}],"curies":[{"name":"wp","href":"https:\/\/api.w.org\/{rel}","templated":true}]}}