{"id":7443,"date":"2023-04-18T00:02:24","date_gmt":"2023-04-17T22:02:24","guid":{"rendered":"http:\/\/blogg.varldenidag.se\/musik\/?p=7443"},"modified":"2023-04-17T22:04:55","modified_gmt":"2023-04-17T20:04:55","slug":"spellistan-for-skoldagen-2","status":"publish","type":"post","link":"http:\/\/blogg.varldenidag.se\/musik\/spellistan-for-skoldagen-2\/","title":{"rendered":"Spellistan f\u00f6r skoldagen!"},"content":{"rendered":"<p>Vill du f\u00f6rse dig med ett riktigt bra soundtrack som ackompanjerar plugget, l\u00e4xl\u00e4sningen eller v\u00e4gen till skolan? Vi har spellistan! Checka in v\u00e5r Vibe @ School spellista som. uppdateras l\u00f6pande med nytt f\u00e4rskt \u00f6rongodis som blir ditt perfekta s\u00e4llskap!<\/p>\n<div class=\"video-container\"><iframe title=\"Spotify Embed: @ School\" style=\"border-radius: 12px\" width=\"100%\" height=\"352\" frameborder=\"0\" allowfullscreen allow=\"autoplay; clipboard-write; encrypted-media; fullscreen; picture-in-picture\" loading=\"lazy\" src=\"https:\/\/open.spotify.com\/embed\/playlist\/7xwVHRlMvFjFHor1Bpd6b9?si=2c7d810094d04af4&#038;utm_source=oembed\"><\/iframe><\/div>\n","protected":false},"excerpt":{"rendered":"<p>Vill du f\u00f6rse dig med ett riktigt bra soundtrack som ackompanjerar plugget, l\u00e4xl\u00e4sningen eller v\u00e4gen till skolan? Vi har spellistan! Checka in v\u00e5r Vibe @ School spellista [&hellip;]<\/p>\n","protected":false},"author":15,"featured_media":0,"comment_status":"open","ping_status":"open","sticky":false,"template":"","format":"standard","meta":{"footnotes":"","_links_to":"","_links_to_target":""},"categories":[1],"tags":[],"class_list":["post-7443","post","type-post","status-publish","format-standard","hentry","category-musik"],"_links":{"self":[{"href":"http:\/\/blogg.varldenidag.se\/musik\/wp-json\/wp\/v2\/posts\/7443","targetHints":{"allow":["GET"]}}],"collection":[{"href":"http:\/\/blogg.varldenidag.se\/musik\/wp-json\/wp\/v2\/posts"}],"about":[{"href":"http:\/\/blogg.varldenidag.se\/musik\/wp-json\/wp\/v2\/types\/post"}],"author":[{"embeddable":true,"href":"http:\/\/blogg.varldenidag.se\/musik\/wp-json\/wp\/v2\/users\/15"}],"replies":[{"embeddable":true,"href":"http:\/\/blogg.varldenidag.se\/musik\/wp-json\/wp\/v2\/comments?post=7443"}],"version-history":[{"count":1,"href":"http:\/\/blogg.varldenidag.se\/musik\/wp-json\/wp\/v2\/posts\/7443\/revisions"}],"predecessor-version":[{"id":7444,"href":"http:\/\/blogg.varldenidag.se\/musik\/wp-json\/wp\/v2\/posts\/7443\/revisions\/7444"}],"wp:attachment":[{"href":"http:\/\/blogg.varldenidag.se\/musik\/wp-json\/wp\/v2\/media?parent=7443"}],"wp:term":[{"taxonomy":"category","embeddable":true,"href":"http:\/\/blogg.varldenidag.se\/musik\/wp-json\/wp\/v2\/categories?post=7443"},{"taxonomy":"post_tag","embeddable":true,"href":"http:\/\/blogg.varldenidag.se\/musik\/wp-json\/wp\/v2\/tags?post=7443"}],"curies":[{"name":"wp","href":"https:\/\/api.w.org\/{rel}","templated":true}]}}