{"id":7394,"date":"2023-04-15T00:16:39","date_gmt":"2023-04-14T22:16:39","guid":{"rendered":"http:\/\/blogg.varldenidag.se\/musik\/?p=7394"},"modified":"2023-03-28T11:35:04","modified_gmt":"2023-03-28T09:35:04","slug":"ny-version-av-svenska-favoritlaten","status":"publish","type":"post","link":"http:\/\/blogg.varldenidag.se\/musik\/ny-version-av-svenska-favoritlaten\/","title":{"rendered":"Ny version av svenska favoritl\u00e5ten"},"content":{"rendered":"<p>N\u00e4r vi skulle utse de b\u00e4sta l\u00e5tarna som 2022 f\u00f6rde med sig s\u00e5 kom\u00a0<strong>Esther Collective\u00a0<\/strong>och\u00a0<strong>Jeanette Alfredssons\u00a0<\/strong>samarbete i s\u00e5ngen \u201dPsalm 61 (H\u00f6gre \u00e4n jag)\u201d h\u00f6gt. Nu finns den vackra svenska l\u00e5ten i en ny, avskalad akustisk version som passar l\u00e5ten, r\u00f6sterna och budskapet alldeles perfekt. Det h\u00e4r \u00e4r allt j\u00e4mt en helt fantastisk s\u00e5ng, s\u00e5 har du inte h\u00f6rt den \u00e4nnu \u00e4r det inget l\u00e4ge som \u00e4r b\u00e4ttre \u00e4n precis just nu!<\/p>\n<p><strong>Spotify-l\u00e4nk: <\/strong><a href=\"https:\/\/open.spotify.com\/track\/3iL9AcQJpjNRziuBPStgFc?si=e7b01381a15043ae\">https:\/\/open.spotify.com\/track\/3iL9AcQJpjNRziuBPStgFc?si=e7b01381a15043ae<\/a><\/p>\n<div class=\"video-container\"><iframe loading=\"lazy\" title=\"Psalm 61 (H\u00f6gre \u00e4n jag)\" width=\"500\" height=\"375\" src=\"https:\/\/www.youtube.com\/embed\/8gDRF9Ocxg4?feature=oembed\" frameborder=\"0\" allow=\"accelerometer; autoplay; clipboard-write; encrypted-media; gyroscope; picture-in-picture; web-share\" referrerpolicy=\"strict-origin-when-cross-origin\" allowfullscreen><\/iframe><\/div>\n","protected":false},"excerpt":{"rendered":"<p>N\u00e4r vi skulle utse de b\u00e4sta l\u00e5tarna som 2022 f\u00f6rde med sig s\u00e5 kom\u00a0Esther Collective\u00a0och\u00a0Jeanette Alfredssons\u00a0samarbete i s\u00e5ngen \u201dPsalm 61 (H\u00f6gre \u00e4n jag)\u201d h\u00f6gt. Nu finns den [&hellip;]<\/p>\n","protected":false},"author":15,"featured_media":0,"comment_status":"open","ping_status":"open","sticky":false,"template":"","format":"standard","meta":{"footnotes":"","_links_to":"","_links_to_target":""},"categories":[1],"tags":[],"class_list":["post-7394","post","type-post","status-publish","format-standard","hentry","category-musik"],"_links":{"self":[{"href":"http:\/\/blogg.varldenidag.se\/musik\/wp-json\/wp\/v2\/posts\/7394","targetHints":{"allow":["GET"]}}],"collection":[{"href":"http:\/\/blogg.varldenidag.se\/musik\/wp-json\/wp\/v2\/posts"}],"about":[{"href":"http:\/\/blogg.varldenidag.se\/musik\/wp-json\/wp\/v2\/types\/post"}],"author":[{"embeddable":true,"href":"http:\/\/blogg.varldenidag.se\/musik\/wp-json\/wp\/v2\/users\/15"}],"replies":[{"embeddable":true,"href":"http:\/\/blogg.varldenidag.se\/musik\/wp-json\/wp\/v2\/comments?post=7394"}],"version-history":[{"count":2,"href":"http:\/\/blogg.varldenidag.se\/musik\/wp-json\/wp\/v2\/posts\/7394\/revisions"}],"predecessor-version":[{"id":7418,"href":"http:\/\/blogg.varldenidag.se\/musik\/wp-json\/wp\/v2\/posts\/7394\/revisions\/7418"}],"wp:attachment":[{"href":"http:\/\/blogg.varldenidag.se\/musik\/wp-json\/wp\/v2\/media?parent=7394"}],"wp:term":[{"taxonomy":"category","embeddable":true,"href":"http:\/\/blogg.varldenidag.se\/musik\/wp-json\/wp\/v2\/categories?post=7394"},{"taxonomy":"post_tag","embeddable":true,"href":"http:\/\/blogg.varldenidag.se\/musik\/wp-json\/wp\/v2\/tags?post=7394"}],"curies":[{"name":"wp","href":"https:\/\/api.w.org\/{rel}","templated":true}]}}