{"id":7392,"date":"2023-04-13T00:11:32","date_gmt":"2023-04-12T22:11:32","guid":{"rendered":"http:\/\/blogg.varldenidag.se\/musik\/?p=7392"},"modified":"2023-03-28T11:34:22","modified_gmt":"2023-03-28T09:34:22","slug":"charmig-lat-fran-estella","status":"publish","type":"post","link":"http:\/\/blogg.varldenidag.se\/musik\/charmig-lat-fran-estella\/","title":{"rendered":"Charmig l\u00e5t fr\u00e5n Estella"},"content":{"rendered":"<p>Inte m\u00e5nga har antagligen h\u00f6rt talas om amerikanska popartisten\u00a0<strong>Estella Kirk\u00a0<\/strong>tidigare, men f\u00f6r den som vill ha ny charmig pop att l\u00e5ta sina h\u00f6gtalare och \u00f6ron njuta av s\u00e5 \u00e4r det h\u00e4r ett namn att spana in<\/p>\n<p>Hennes l\u00e5t \u201dSafe In You\u201d \u00e4r n\u00e4mligen v\u00e4ldigt sv\u00e5r att motst\u00e5 med sin sk\u00f6na k\u00e4nsla, gl\u00e4dje och allm\u00e4nna budskap&#8230; som dessutom framf\u00f6rs p\u00e5 ett charmigt och lite lekfullt s\u00e4tt av\u00a0<strong>Estella.\u00a0<\/strong>Missa inte!<\/p>\n<p><strong>Spotify-l\u00e4nk:\u00a0<\/strong><a href=\"https:\/\/open.spotify.com\/track\/1iGfyV7iD2neXePQSULMOT?si=88d53cf4ce1c49a5\">https:\/\/open.spotify.com\/track\/1iGfyV7iD2neXePQSULMOT?si=88d53cf4ce1c49a5<\/a><\/p>\n<div class=\"video-container\"><iframe loading=\"lazy\" title=\"Safe in you\" width=\"500\" height=\"375\" src=\"https:\/\/www.youtube.com\/embed\/PpCzSFdulrQ?feature=oembed\" frameborder=\"0\" allow=\"accelerometer; autoplay; clipboard-write; encrypted-media; gyroscope; picture-in-picture; web-share\" referrerpolicy=\"strict-origin-when-cross-origin\" allowfullscreen><\/iframe><\/div>\n","protected":false},"excerpt":{"rendered":"<p>Inte m\u00e5nga har antagligen h\u00f6rt talas om amerikanska popartisten\u00a0Estella Kirk\u00a0tidigare, men f\u00f6r den som vill ha ny charmig pop att l\u00e5ta sina h\u00f6gtalare och \u00f6ron njuta av [&hellip;]<\/p>\n","protected":false},"author":15,"featured_media":0,"comment_status":"open","ping_status":"open","sticky":false,"template":"","format":"standard","meta":{"footnotes":"","_links_to":"","_links_to_target":""},"categories":[1],"tags":[],"class_list":["post-7392","post","type-post","status-publish","format-standard","hentry","category-musik"],"_links":{"self":[{"href":"http:\/\/blogg.varldenidag.se\/musik\/wp-json\/wp\/v2\/posts\/7392","targetHints":{"allow":["GET"]}}],"collection":[{"href":"http:\/\/blogg.varldenidag.se\/musik\/wp-json\/wp\/v2\/posts"}],"about":[{"href":"http:\/\/blogg.varldenidag.se\/musik\/wp-json\/wp\/v2\/types\/post"}],"author":[{"embeddable":true,"href":"http:\/\/blogg.varldenidag.se\/musik\/wp-json\/wp\/v2\/users\/15"}],"replies":[{"embeddable":true,"href":"http:\/\/blogg.varldenidag.se\/musik\/wp-json\/wp\/v2\/comments?post=7392"}],"version-history":[{"count":2,"href":"http:\/\/blogg.varldenidag.se\/musik\/wp-json\/wp\/v2\/posts\/7392\/revisions"}],"predecessor-version":[{"id":7417,"href":"http:\/\/blogg.varldenidag.se\/musik\/wp-json\/wp\/v2\/posts\/7392\/revisions\/7417"}],"wp:attachment":[{"href":"http:\/\/blogg.varldenidag.se\/musik\/wp-json\/wp\/v2\/media?parent=7392"}],"wp:term":[{"taxonomy":"category","embeddable":true,"href":"http:\/\/blogg.varldenidag.se\/musik\/wp-json\/wp\/v2\/categories?post=7392"},{"taxonomy":"post_tag","embeddable":true,"href":"http:\/\/blogg.varldenidag.se\/musik\/wp-json\/wp\/v2\/tags?post=7392"}],"curies":[{"name":"wp","href":"https:\/\/api.w.org\/{rel}","templated":true}]}}