{"id":7171,"date":"2022-12-23T00:40:49","date_gmt":"2022-12-22T23:40:49","guid":{"rendered":"http:\/\/blogg.varldenidag.se\/musik\/?p=7171"},"modified":"2023-01-02T10:24:47","modified_gmt":"2023-01-02T09:24:47","slug":"topp-22-2022-plats-9","status":"publish","type":"post","link":"http:\/\/blogg.varldenidag.se\/musik\/topp-22-2022-plats-9\/","title":{"rendered":"Topp 22 2022: Plats 9"},"content":{"rendered":"<p><strong>Plats 9: Sam Rivera \u2013 \u201dWorth The Risk\u201d<\/strong><\/p>\n<p>F\u00f6lj med oss n\u00e4r vi r\u00e4knar ner \u00e5rets b\u00e4sta l\u00e5tar i v\u00e5r topplista Topp 22 2022! En ny l\u00e5t, varje dag \u2013 hela v\u00e4gen fram till ny\u00e5rsafton.<\/p>\n<p>Ett av \u00e5rets st\u00f6rsta \u201dspela p\u00e5 repeat\u201d-l\u00e5tar stod tvekl\u00f6st Sam Rivera f\u00f6r. Den duktige, unga supertalangen gav oss en l\u00e5t som vi bara ville h\u00f6ra g\u00e5ng p\u00e5 g\u00e5ng, och som dessutom var av s\u00e5 klass att vilken radiostation som helst borde kasta sig rakt \u00f6ver den. En talang, en superl\u00e5t \u2013 en plats 9!<\/p>\n<div class=\"video-container\"><iframe loading=\"lazy\" title=\"Sam Rivera - Worth The Risk (Official Visualizer)\" width=\"500\" height=\"281\" src=\"https:\/\/www.youtube.com\/embed\/DdnADaV2g7c?feature=oembed\" frameborder=\"0\" allow=\"accelerometer; autoplay; clipboard-write; encrypted-media; gyroscope; picture-in-picture; web-share\" referrerpolicy=\"strict-origin-when-cross-origin\" allowfullscreen><\/iframe><\/div>\n","protected":false},"excerpt":{"rendered":"<p>Plats 9: Sam Rivera \u2013 \u201dWorth The Risk\u201d F\u00f6lj med oss n\u00e4r vi r\u00e4knar ner \u00e5rets b\u00e4sta l\u00e5tar i v\u00e5r topplista Topp 22 2022! En ny l\u00e5t, [&hellip;]<\/p>\n","protected":false},"author":15,"featured_media":0,"comment_status":"open","ping_status":"open","sticky":false,"template":"","format":"standard","meta":{"footnotes":"","_links_to":"","_links_to_target":""},"categories":[1],"tags":[],"class_list":["post-7171","post","type-post","status-publish","format-standard","hentry","category-musik"],"_links":{"self":[{"href":"http:\/\/blogg.varldenidag.se\/musik\/wp-json\/wp\/v2\/posts\/7171","targetHints":{"allow":["GET"]}}],"collection":[{"href":"http:\/\/blogg.varldenidag.se\/musik\/wp-json\/wp\/v2\/posts"}],"about":[{"href":"http:\/\/blogg.varldenidag.se\/musik\/wp-json\/wp\/v2\/types\/post"}],"author":[{"embeddable":true,"href":"http:\/\/blogg.varldenidag.se\/musik\/wp-json\/wp\/v2\/users\/15"}],"replies":[{"embeddable":true,"href":"http:\/\/blogg.varldenidag.se\/musik\/wp-json\/wp\/v2\/comments?post=7171"}],"version-history":[{"count":3,"href":"http:\/\/blogg.varldenidag.se\/musik\/wp-json\/wp\/v2\/posts\/7171\/revisions"}],"predecessor-version":[{"id":7209,"href":"http:\/\/blogg.varldenidag.se\/musik\/wp-json\/wp\/v2\/posts\/7171\/revisions\/7209"}],"wp:attachment":[{"href":"http:\/\/blogg.varldenidag.se\/musik\/wp-json\/wp\/v2\/media?parent=7171"}],"wp:term":[{"taxonomy":"category","embeddable":true,"href":"http:\/\/blogg.varldenidag.se\/musik\/wp-json\/wp\/v2\/categories?post=7171"},{"taxonomy":"post_tag","embeddable":true,"href":"http:\/\/blogg.varldenidag.se\/musik\/wp-json\/wp\/v2\/tags?post=7171"}],"curies":[{"name":"wp","href":"https:\/\/api.w.org\/{rel}","templated":true}]}}